{"id":16211,"date":"2017-07-05T17:31:18","date_gmt":"2017-07-05T15:31:18","guid":{"rendered":"http:\/\/sajec.de\/blog\/?p=16211"},"modified":"2017-07-05T17:31:18","modified_gmt":"2017-07-05T15:31:18","slug":"projekt-der-kleine-prinz","status":"publish","type":"post","link":"https:\/\/sajec.de\/blog\/projekt-der-kleine-prinz\/","title":{"rendered":"Projekt Der Kleine Prinz"},"content":{"rendered":"<p>Irgendwann im Laufe der Queer As Folk-Doktorarbeit, die ich ja derzeit wochenendig mit Kitty verzapfe, stellte sich auch die Frage \u00fcber die Liebe. Spezieller die Frage, was der Kleine Prinz \u00fcbertragen auf QAF darstellt. Ist Brian der Prinz, oder der Fuchs? Oder doch das Schaf? Oder ist er alles? Keines von allen? Kann man das vergleichen? [Wir stellen in unserer Doktorarbeit st\u00e4ndig solche komplizierte Fragen; das ist an der Stelle nicht verwunderlich!]<\/p>\n<p>Habe ich Der Kleine Prinz jemals richtig gelesen? Vor 30 Jahren? L\u00e4nger her? Gar nicht? Ich wei\u00df, dass ich mal eine Schallplatte hatte, mit Liedern von Kurt Demmler (so hie\u00df der glaube ich), der die Geschichte in eigene Lieder gestrickt hat. <em>&#8222;Wo sind die Menschen, kleine Pflanze? Die kleine Pflanze wei\u00df es nicht, sie steht in einer leeren W\u00fcste, und kennt nur Dunkelheit und Licht &#8230;.&#8220;<\/em> hab ich sofort wieder im Erinnerungsgeh\u00f6rgang. Von dieser Platte jedenfalls kannte ich die Geschichte des Kleinen Prinzen. Aber das reicht mir nun nicht mehr.<\/p>\n<p>Also: shoppte ich das Buch &#8211; und ich habe einen Plan! Ich m\u00f6chte Antoine De Saint-Exup\u00e9ry&#8217;s weltbekannte Geschichte (wieder) lesen; und meine eigenen Eindr\u00fccke, Gedanken und \u00dcberlegungen, Analogien zu QAF (so es sie wirklich gibt und sie sich aufdr\u00e4ngen), zu meinem Leben, zur jetzigen Welt im Blog niederschreiben. Vielleicht werde ich ja dadurch weise? *lach* Und ich bin gespannt, was ich entdecken werde; ob es nur eine Kindergeschichte bleibt, oder sich neue Blickwinkel einstellen werden.<\/p>\n","protected":false},"excerpt":{"rendered":"<p>Irgendwann im Laufe der Queer As Folk-Doktorarbeit, die ich ja derzeit wochenendig mit Kitty verzapfe, stellte sich auch die Frage \u00fcber die Liebe. Spezieller die Frage, was der Kleine Prinz \u00fcbertragen auf QAF darstellt. Ist Brian der Prinz, oder der &hellip; <a href=\"https:\/\/sajec.de\/blog\/projekt-der-kleine-prinz\/\">Weiterlesen <span class=\"meta-nav\">&rarr;<\/span><\/a><\/p>\n","protected":false},"author":2,"featured_media":0,"comment_status":"open","ping_status":"open","sticky":false,"template":"","format":"standard","meta":{"ngg_post_thumbnail":0,"footnotes":""},"categories":[45],"tags":[],"class_list":["post-16211","post","type-post","status-publish","format-standard","hentry","category-der-kleine-prinz"],"_links":{"self":[{"href":"https:\/\/sajec.de\/blog\/wp-json\/wp\/v2\/posts\/16211","targetHints":{"allow":["GET"]}}],"collection":[{"href":"https:\/\/sajec.de\/blog\/wp-json\/wp\/v2\/posts"}],"about":[{"href":"https:\/\/sajec.de\/blog\/wp-json\/wp\/v2\/types\/post"}],"author":[{"embeddable":true,"href":"https:\/\/sajec.de\/blog\/wp-json\/wp\/v2\/users\/2"}],"replies":[{"embeddable":true,"href":"https:\/\/sajec.de\/blog\/wp-json\/wp\/v2\/comments?post=16211"}],"version-history":[{"count":1,"href":"https:\/\/sajec.de\/blog\/wp-json\/wp\/v2\/posts\/16211\/revisions"}],"predecessor-version":[{"id":16212,"href":"https:\/\/sajec.de\/blog\/wp-json\/wp\/v2\/posts\/16211\/revisions\/16212"}],"wp:attachment":[{"href":"https:\/\/sajec.de\/blog\/wp-json\/wp\/v2\/media?parent=16211"}],"wp:term":[{"taxonomy":"category","embeddable":true,"href":"https:\/\/sajec.de\/blog\/wp-json\/wp\/v2\/categories?post=16211"},{"taxonomy":"post_tag","embeddable":true,"href":"https:\/\/sajec.de\/blog\/wp-json\/wp\/v2\/tags?post=16211"}],"curies":[{"name":"wp","href":"https:\/\/api.w.org\/{rel}","templated":true}]}}