{"id":17223,"date":"2017-12-15T11:35:22","date_gmt":"2017-12-15T10:35:22","guid":{"rendered":"http:\/\/sajec.de\/blog\/?p=17223"},"modified":"2017-12-15T11:57:37","modified_gmt":"2017-12-15T10:57:37","slug":"fuck-den-scheiss","status":"publish","type":"post","link":"https:\/\/sajec.de\/blog\/fuck-den-scheiss\/","title":{"rendered":"Fuck den Schei\u00df!"},"content":{"rendered":"<p>Da hab ich gerade gedacht, so langsam krieg ich mein Leben wieder in normale Bahnen, der Schnupfen und das Jetlag m\u00fcssen ja nun nach drei Wochen auch mal langsam verschwinden und es sind ja nur noch anderthalb Wochen bis Weihnachten, wo ich dann wenigstens ein paar Tage frei haben werde &#8211; und dann wirft es mich gestern komplett aus der Bahn! So total komplett und ohne Gnade.&nbsp;<\/p>\n<p>Es fing damit an, dass ich in der Nacht schon wach wurde, weil mir schwindlig war. Ich schwankte also (und ich meine buchst\u00e4blich schwanken!) ins Bad und versuchte, das Abendbrot mit Macht drin zu behalten. Ich schwankte zur\u00fcck ins Bett und hoffte, dass das nur eine dumme Nachtepisode gewesen sein w\u00fcrde. Aber selbst liegend im Bett drehte sich die Welt verdammt schnell weiter und h\u00f6rte nicht auf. Und es drehte sich noch immer morgens, nach dem Aufstehen, so dass ich wieder buchst\u00e4blich gegen s\u00e4mtliche Wohnungsw\u00e4nde rannte. Mir war eklig und mir war schlecht, und es h\u00f6rte nicht auf sich zu drehen. Chef w\u00fcrde begeistert sein, von OL ganz zu schweigen, wo die Arbeit auch nicht gerade magisch verschwindet. Wer hat schon Zeit f\u00fcr einen verdammten Drehschwindel? Aber so konnte ich auf keinen Fall in irgendein Auto steigen geschweige denn selbst fahren!<\/p>\n<p>Ich hatte noch bis Mittag Spa\u00df im Karussell, bevor es halbwegs besser wurde. Nun ist Freitag, und es ist noch nicht ganz gut, aber ich hab nicht mehr das Gef\u00fchl, den Notaus-Schalter der Welt finden zu m\u00fcssen.&nbsp;<\/p>\n<p>Of course bekam ich vom Arzt prompt den n\u00e4chsten Anschiss; wieso ich mich eigentlich wundern w\u00fcrde, dass mein K\u00f6rper schlapp macht und wahrlich durchdreht, nachdem ich ihm von den letzten Wochen erz\u00e4hlte: Montag gelandet, Dienstag back im B\u00fcro, der Schnupfen und die Kopfschmerzen immer allgegenw\u00e4rtig, aber f\u00fcr die hat man ja keine Zeit; der Vorfall letzten Donnerstag und der emotionale Tiefflug, der folgte. Jeden Abend ersch\u00f6pft zusammengefallen &#8230; und jetzt eben das. Irgendwann ist eben Schluss, und wenn ich es nicht auf die rational Tour lernen will oder kann, dann zeigt der K\u00f6rper eben, wo es lang geht und nimmt keine R\u00fccksicht mehr. Blutdruck? Verdammte 150 zu 100! So schlecht wie schon lange nicht mehr.&nbsp;<\/p>\n<p>Naja .. und nun lieg ich auf meiner Couch, und sinniere dar\u00fcber nach, was ich \u00e4ndern sollte (mal wieder). Und wenn ich so dar\u00fcber nachdenke, wie mein Leben schon wieder in B\u00fcrostress und Zeitdruck und zu wenig Schlaf abtriftete und all die guten Vors\u00e4tze aus dem letzten unfreiwilligen Krankenhausaufenthalt schon wieder in den Hintergrund ger\u00fcckt sind, denn &#8230; ich esse wieder viel zu schnell (weil ja keine Zeit scheint) &#8230; *seufz*<br \/>\nAlso alles wieder auf Anfang, erinnere dich, was du in deinem Leben \u00e4ndern wolltest, und falle nicht wieder in alte Muster!&nbsp;<\/p>\n","protected":false},"excerpt":{"rendered":"<p>Da hab ich gerade gedacht, so langsam krieg ich mein Leben wieder in normale Bahnen, der Schnupfen und das Jetlag m\u00fcssen ja nun nach drei Wochen auch mal langsam verschwinden und es sind ja nur noch anderthalb Wochen bis Weihnachten, &hellip; <a href=\"https:\/\/sajec.de\/blog\/fuck-den-scheiss\/\">Weiterlesen <span class=\"meta-nav\">&rarr;<\/span><\/a><\/p>\n","protected":false},"author":2,"featured_media":0,"comment_status":"open","ping_status":"open","sticky":false,"template":"","format":"standard","meta":{"ngg_post_thumbnail":0,"footnotes":""},"categories":[1],"tags":[],"class_list":["post-17223","post","type-post","status-publish","format-standard","hentry","category-tagebuch"],"_links":{"self":[{"href":"https:\/\/sajec.de\/blog\/wp-json\/wp\/v2\/posts\/17223","targetHints":{"allow":["GET"]}}],"collection":[{"href":"https:\/\/sajec.de\/blog\/wp-json\/wp\/v2\/posts"}],"about":[{"href":"https:\/\/sajec.de\/blog\/wp-json\/wp\/v2\/types\/post"}],"author":[{"embeddable":true,"href":"https:\/\/sajec.de\/blog\/wp-json\/wp\/v2\/users\/2"}],"replies":[{"embeddable":true,"href":"https:\/\/sajec.de\/blog\/wp-json\/wp\/v2\/comments?post=17223"}],"version-history":[{"count":1,"href":"https:\/\/sajec.de\/blog\/wp-json\/wp\/v2\/posts\/17223\/revisions"}],"predecessor-version":[{"id":17224,"href":"https:\/\/sajec.de\/blog\/wp-json\/wp\/v2\/posts\/17223\/revisions\/17224"}],"wp:attachment":[{"href":"https:\/\/sajec.de\/blog\/wp-json\/wp\/v2\/media?parent=17223"}],"wp:term":[{"taxonomy":"category","embeddable":true,"href":"https:\/\/sajec.de\/blog\/wp-json\/wp\/v2\/categories?post=17223"},{"taxonomy":"post_tag","embeddable":true,"href":"https:\/\/sajec.de\/blog\/wp-json\/wp\/v2\/tags?post=17223"}],"curies":[{"name":"wp","href":"https:\/\/api.w.org\/{rel}","templated":true}]}}