{"id":1914,"date":"2010-08-16T08:24:47","date_gmt":"2010-08-16T07:24:47","guid":{"rendered":"http:\/\/sajec.de\/blog\/?p=1914"},"modified":"2010-08-16T08:41:09","modified_gmt":"2010-08-16T07:41:09","slug":"montags-updates","status":"publish","type":"post","link":"https:\/\/sajec.de\/blog\/montags-updates\/","title":{"rendered":"Montags-updates"},"content":{"rendered":"<p>&#8230; sind irgendwie gerade total &#8222;in&#8220;, vielleicht weil <strong>Montage <\/strong>als grausam verschrieen sind. Der heutige Montag macht bei mir heute seinem Ruf, grausam und unerbittlich zu sein, alle Ehre. Am liebsten w\u00fcrde ich mich zur\u00fcck ins Bett verkriechen, die Bettdecke \u00fcber den Kopf ziehen und Schlaf nachholen, der irgendwie die letzte Nacht nur st\u00fcmperhaft sich einstellen wollte. Entsprechend torkelig und schusselig hocke ich heute im B\u00fcro, dope mich mit Kaffee und bin froh, wenn mich niemand weiter anspricht. Den Kram erledigen, nicht hetzen (Chef ist ja im Urlaub) und immer brav eines nach dem anderen. Trotzdem habe ich das Gef\u00fchl, dass die Arbeit immer mehr wird. Ich bin so was von <strong>urlaubsreif<\/strong>! Aber der ist noch in weiter Ferne *seufz* oder wird gleich gestrichen, weil ich zu bl\u00f6d bin und immer erst die anderen Urlaub beantragen lasse. F\u00fcr mich bleiben dann die Novembertage \u00fcbrig.<\/p>\n<p>Meine letzten freien Tage waren zu Pfingsten. Ach ja &#8230; das Pfingstwochenende .. #<strong>AECON <\/strong>&#8230; Impala &#8230; Jim, Misha, Chad, Tracy, Mark, Sam &#8230;. und nat\u00fcrlich meine M\u00e4delz &#8230;. ist das wirklich schon wieder 3 Monate her?<\/p>\n<p>Am Wochenende sind wir super vorangekommen mit dem #<strong>rewatching <\/strong>von Supernatural. Es macht einfach Spass, mit dem M\u00e4delz via Skype gemeinsam zu gucken und im Anschluss die Bilder zu basteln. Auch, wenn wir jetzt in besonders emotionale Gefilde kommen und jedes Herzbreaking wieder so sein wird wie beim ersten Mal. Aber erst mal kommen ja noch Changing Channels and Real Ghostbusters &#8230; Zeit, Luft zu holen und zu lachen und das bl\u00f6de Schicksal von Dean und Sam noch ein bisschen zu verdr\u00e4ngen. (Ich bin gerade total melancholisch)<\/p>\n<p>#Fit for JiB f\u00e4llt heute flach, weil: <strong>Kino-M\u00e4delz-Abend<\/strong>. St\u00e4ndig verschoben, starten wir heute den 4. Versuch, wenn der scheitern sollte, dann lassen wir es eben. So wichtig sind <em>M\u00e4nner al dente <\/em>nun auch wieder nicht.<\/p>\n<p>Morgen geht es wieder auf die Laufstrecke. Eigentlich sollte ich heute schon Laufen, ich bin in der Stimmung daf\u00fcr. Einfach weglaufen, dem Montag, der schlechten Laune, der M\u00fcdigkeit, den Kopfschmerzen\u00a0 &#8230;<\/p>\n<p>Na gut, es wird nicht weiter lammentiert. Nutzt ja eh nichts. Mal sehen, was diese Woche so bringt. Na dann &#8230; auf in den Kampf.<\/p>\n","protected":false},"excerpt":{"rendered":"<p>&#8230; sind irgendwie gerade total &#8222;in&#8220;, vielleicht weil Montage als grausam verschrieen sind. Der heutige Montag macht bei mir heute seinem Ruf, grausam und unerbittlich zu sein, alle Ehre. Am liebsten w\u00fcrde ich mich zur\u00fcck ins Bett verkriechen, die Bettdecke &hellip; <a href=\"https:\/\/sajec.de\/blog\/montags-updates\/\">Weiterlesen <span class=\"meta-nav\">&rarr;<\/span><\/a><\/p>\n","protected":false},"author":2,"featured_media":0,"comment_status":"open","ping_status":"open","sticky":false,"template":"","format":"standard","meta":{"ngg_post_thumbnail":0,"footnotes":""},"categories":[1,8,6],"tags":[],"class_list":["post-1914","post","type-post","status-publish","format-standard","hentry","category-tagebuch","category-fit-for-van","category-supernatural"],"_links":{"self":[{"href":"https:\/\/sajec.de\/blog\/wp-json\/wp\/v2\/posts\/1914","targetHints":{"allow":["GET"]}}],"collection":[{"href":"https:\/\/sajec.de\/blog\/wp-json\/wp\/v2\/posts"}],"about":[{"href":"https:\/\/sajec.de\/blog\/wp-json\/wp\/v2\/types\/post"}],"author":[{"embeddable":true,"href":"https:\/\/sajec.de\/blog\/wp-json\/wp\/v2\/users\/2"}],"replies":[{"embeddable":true,"href":"https:\/\/sajec.de\/blog\/wp-json\/wp\/v2\/comments?post=1914"}],"version-history":[{"count":6,"href":"https:\/\/sajec.de\/blog\/wp-json\/wp\/v2\/posts\/1914\/revisions"}],"predecessor-version":[{"id":1920,"href":"https:\/\/sajec.de\/blog\/wp-json\/wp\/v2\/posts\/1914\/revisions\/1920"}],"wp:attachment":[{"href":"https:\/\/sajec.de\/blog\/wp-json\/wp\/v2\/media?parent=1914"}],"wp:term":[{"taxonomy":"category","embeddable":true,"href":"https:\/\/sajec.de\/blog\/wp-json\/wp\/v2\/categories?post=1914"},{"taxonomy":"post_tag","embeddable":true,"href":"https:\/\/sajec.de\/blog\/wp-json\/wp\/v2\/tags?post=1914"}],"curies":[{"name":"wp","href":"https:\/\/api.w.org\/{rel}","templated":true}]}}