{"id":1953,"date":"2010-08-19T20:14:57","date_gmt":"2010-08-19T19:14:57","guid":{"rendered":"http:\/\/sajec.de\/blog\/?p=1953"},"modified":"2010-08-19T20:15:44","modified_gmt":"2010-08-19T19:15:44","slug":"laufen","status":"publish","type":"post","link":"https:\/\/sajec.de\/blog\/laufen\/","title":{"rendered":"Laufen"},"content":{"rendered":"<p>war heute irgendwie schwer, zumindest die erste Viertel Stunde. Die Beine klebten wie Blei am Boden und die Waden taten weh. Aber ich hab&#8217;s durchgezogen und bin wieder ein bisschen mehr und schneller gerannt. Nicht viel, aber f\u00fcr meine Verh\u00e4ltnisse doch enorm. Vor allem bin ich extrem stolz, dass ich das Pensum von letzter Woche nicht nur halten, sondern ein kleines bisschen verbessern konnte. Nach 15 Minuten war es dann auch okay, ich hatte meinen Rhythmus gefunden. Im Kopf Good Charlotte und neue Ideen f\u00fcr<strong> Lennie und Tom<\/strong>. Es wird wohl doch keine kurze Geschichte &#8211; einige werden sich bestimmt dar\u00fcber freuen.<\/p>\n<p>W\u00e4hrend der ganzen Lauferei verbot ich mir selbst, auf die Uhr zu schauen, aus Furcht, es k\u00f6nnte mich zu sehr frustrieren, langsamer als letzte Woche zu sein. Es stellte sich dann heraus, dass ich sogar wieder eine Minute schneller war. #FIT for JiB Konto w\u00e4chst damit heute um <strong>54 Minuten Laufen.<\/strong><\/p>\n<p>Morgen habe ich <strong>frei<\/strong>. Yippie. Wurde auch langsam mal Zeit. Ich habe jetzt seit Pfingsten die Wochen durchgearbeitet und ich merke, dass ich mal wieder ein paar Tage am St\u00fcck frei brauche. Wie ich den freien Tag verbringen werde, wei\u00df ich noch nicht; Haushalt ist ja immer und vielleicht geh ich ja auch morgens noch eine Runde schwimmen.<\/p>\n<p>*lach* Gerade stelle ich fest, dass ich mir selbst eine Woche voraus bin: Die ganze Zeit war ich der Meinung, dass die <strong>Sail 2010<\/strong> in Bremerhaven schon an diesem Wochenende stattfindet. Tut sie aber gar nicht, sondern erst das letzte August-Wochenende. Fein; denn dann k\u00f6nnen wir ja am Freitag oder am Sonnabend entspannt den Kristallpalast st\u00fcrmen und <strong>&#8222;Die Legende von Aang&#8220;<\/strong> in 3D schauen. Au\u00dferdem ist <strong>Zwiebelkuchen- und Federwei\u00dferzeit<\/strong>. (Ja, das g\u00f6nn ich mir, trotz Fit for JiB). M\u00f6ge das Wochenende also erholsam sein &#8211; f\u00fcr euch ebenso wie f\u00fcr mich.<\/p>\n<p>Und dann ist ja auch schon bald Montag und mein Aqua-Plansch-Kurs startet, auf den ich schon sehr neugierig bin und \u00fcber den selbstverst\u00e4ndlich gebloggt wird.<\/p>\n","protected":false},"excerpt":{"rendered":"<p>war heute irgendwie schwer, zumindest die erste Viertel Stunde. Die Beine klebten wie Blei am Boden und die Waden taten weh. Aber ich hab&#8217;s durchgezogen und bin wieder ein bisschen mehr und schneller gerannt. Nicht viel, aber f\u00fcr meine Verh\u00e4ltnisse &hellip; <a href=\"https:\/\/sajec.de\/blog\/laufen\/\">Weiterlesen <span class=\"meta-nav\">&rarr;<\/span><\/a><\/p>\n","protected":false},"author":2,"featured_media":0,"comment_status":"open","ping_status":"open","sticky":false,"template":"","format":"standard","meta":{"ngg_post_thumbnail":0,"footnotes":""},"categories":[1,8],"tags":[],"class_list":["post-1953","post","type-post","status-publish","format-standard","hentry","category-tagebuch","category-fit-for-van"],"_links":{"self":[{"href":"https:\/\/sajec.de\/blog\/wp-json\/wp\/v2\/posts\/1953","targetHints":{"allow":["GET"]}}],"collection":[{"href":"https:\/\/sajec.de\/blog\/wp-json\/wp\/v2\/posts"}],"about":[{"href":"https:\/\/sajec.de\/blog\/wp-json\/wp\/v2\/types\/post"}],"author":[{"embeddable":true,"href":"https:\/\/sajec.de\/blog\/wp-json\/wp\/v2\/users\/2"}],"replies":[{"embeddable":true,"href":"https:\/\/sajec.de\/blog\/wp-json\/wp\/v2\/comments?post=1953"}],"version-history":[{"count":2,"href":"https:\/\/sajec.de\/blog\/wp-json\/wp\/v2\/posts\/1953\/revisions"}],"predecessor-version":[{"id":1955,"href":"https:\/\/sajec.de\/blog\/wp-json\/wp\/v2\/posts\/1953\/revisions\/1955"}],"wp:attachment":[{"href":"https:\/\/sajec.de\/blog\/wp-json\/wp\/v2\/media?parent=1953"}],"wp:term":[{"taxonomy":"category","embeddable":true,"href":"https:\/\/sajec.de\/blog\/wp-json\/wp\/v2\/categories?post=1953"},{"taxonomy":"post_tag","embeddable":true,"href":"https:\/\/sajec.de\/blog\/wp-json\/wp\/v2\/tags?post=1953"}],"curies":[{"name":"wp","href":"https:\/\/api.w.org\/{rel}","templated":true}]}}