{"id":2020,"date":"2010-08-24T20:35:45","date_gmt":"2010-08-24T19:35:45","guid":{"rendered":"http:\/\/sajec.de\/blog\/?p=2020"},"modified":"2010-08-24T20:37:56","modified_gmt":"2010-08-24T19:37:56","slug":"durch-den-monsun","status":"publish","type":"post","link":"https:\/\/sajec.de\/blog\/durch-den-monsun\/","title":{"rendered":"Durch den Monsun"},"content":{"rendered":"<p><a href=\"http:\/\/sajec.de\/blog\/wp-content\/uploads\/2010\/08\/regenbogentropfen1.jpg\"><img loading=\"lazy\" decoding=\"async\" class=\"alignleft size-medium wp-image-2022\" title=\"regenbogentropfen\" src=\"http:\/\/sajec.de\/blog\/wp-content\/uploads\/2010\/08\/regenbogentropfen1-300x200.jpg\" alt=\"\" width=\"300\" height=\"200\" srcset=\"https:\/\/sajec.de\/blog\/wp-content\/uploads\/2010\/08\/regenbogentropfen1-300x200.jpg 300w, https:\/\/sajec.de\/blog\/wp-content\/uploads\/2010\/08\/regenbogentropfen1-1024x682.jpg 1024w\" sizes=\"auto, (max-width: 300px) 100vw, 300px\" \/><\/a>Es hatte mich voll erwischt. Noch eben bei ein bisschen Wind auf&#8217;s  Fahrrad geschwungen, die 20 Minuten zur Laufstrecke geradelt,  In-Ear-St\u00f6psel eingest\u00f6pselt und losgelaufen, als die Wolken auch schon  bedrohlich dunkler wurden und mir jederzeit auf den Kopf zu fallen  drohten. Ich lief weiter, ich w\u00fcrde es schon schaffen. Dann begann eine  Art Weltuntergang &#8211; Sturmboen von links, Regen von allen Seiten, im Ohr  wie gehabt laut Good Charlotte (passender Weise auch mit My Bloody  Valentine). Nach 3 Minuten war ich klatschnass. Aber was solls &#8211; ich hab  ja ein Ziel. Das war heute einfach nur noch unter die warme Dusche zu  kommen. Die Beine wurden schwer und schwerer und das wortw\u00f6rtlich, denn  meine Trainingshose inklusive Schuhe waren mittlerweile vollgesogen mit  Wasser. Ich schleppte mich buchst\u00e4blich durch den Monsum, wurde von  vorbeirasenden Autofahrern bedauert (die arme Frau, rennt bei dem  Sturmregen einsam durch die Wisch) und sah kaum noch was. Nie kam mir  die Strecke so lang vor. Aber: Als Belohnung bekam ich dann einen  doppelten Regenbogen wie aus dem Bilderbuch. Anschlie\u00dfend auch meine  hei\u00dfe Dusche und das gute Gef\u00fchl, mich von ein bisschen Monsum-Gewitter  nicht von meinem FIT FOR JIB-Vorhaben abgebracht haben zu lassen. Wir  sind ja nicht aus Zucker, n\u00e4? Und Dean w\u00fcrde sich auch nicht irgendwo  heulend hinstellen, die D\u00e4monenjagd quittieren, nur weil es mal eben  sch\u00fcttet wie aus Eimern.<\/p>\n","protected":false},"excerpt":{"rendered":"<p>Es hatte mich voll erwischt. Noch eben bei ein bisschen Wind auf&#8217;s Fahrrad geschwungen, die 20 Minuten zur Laufstrecke geradelt, In-Ear-St\u00f6psel eingest\u00f6pselt und losgelaufen, als die Wolken auch schon bedrohlich dunkler wurden und mir jederzeit auf den Kopf zu fallen &hellip; <a href=\"https:\/\/sajec.de\/blog\/durch-den-monsun\/\">Weiterlesen <span class=\"meta-nav\">&rarr;<\/span><\/a><\/p>\n","protected":false},"author":2,"featured_media":0,"comment_status":"open","ping_status":"open","sticky":false,"template":"","format":"standard","meta":{"ngg_post_thumbnail":0,"footnotes":""},"categories":[8],"tags":[],"class_list":["post-2020","post","type-post","status-publish","format-standard","hentry","category-fit-for-van"],"_links":{"self":[{"href":"https:\/\/sajec.de\/blog\/wp-json\/wp\/v2\/posts\/2020","targetHints":{"allow":["GET"]}}],"collection":[{"href":"https:\/\/sajec.de\/blog\/wp-json\/wp\/v2\/posts"}],"about":[{"href":"https:\/\/sajec.de\/blog\/wp-json\/wp\/v2\/types\/post"}],"author":[{"embeddable":true,"href":"https:\/\/sajec.de\/blog\/wp-json\/wp\/v2\/users\/2"}],"replies":[{"embeddable":true,"href":"https:\/\/sajec.de\/blog\/wp-json\/wp\/v2\/comments?post=2020"}],"version-history":[{"count":3,"href":"https:\/\/sajec.de\/blog\/wp-json\/wp\/v2\/posts\/2020\/revisions"}],"predecessor-version":[{"id":2023,"href":"https:\/\/sajec.de\/blog\/wp-json\/wp\/v2\/posts\/2020\/revisions\/2023"}],"wp:attachment":[{"href":"https:\/\/sajec.de\/blog\/wp-json\/wp\/v2\/media?parent=2020"}],"wp:term":[{"taxonomy":"category","embeddable":true,"href":"https:\/\/sajec.de\/blog\/wp-json\/wp\/v2\/categories?post=2020"},{"taxonomy":"post_tag","embeddable":true,"href":"https:\/\/sajec.de\/blog\/wp-json\/wp\/v2\/tags?post=2020"}],"curies":[{"name":"wp","href":"https:\/\/api.w.org\/{rel}","templated":true}]}}