{"id":20615,"date":"2023-09-10T13:24:29","date_gmt":"2023-09-10T11:24:29","guid":{"rendered":"https:\/\/sajec.de\/blog\/?p=20615"},"modified":"2023-09-10T13:33:34","modified_gmt":"2023-09-10T11:33:34","slug":"schon-wieder-ein-sonntagsblogpost","status":"publish","type":"post","link":"https:\/\/sajec.de\/blog\/schon-wieder-ein-sonntagsblogpost\/","title":{"rendered":"Schon wieder ein Sonntagsblogpost"},"content":{"rendered":"\n<p>Der <strong>Sommer 2023<\/strong> sollte &#8211; am 10. September &#8211; sich  langsam seinem Ende zuneigen, aber er drehte noch einmal die letzte Woche voll auf. Temperaturen an die 30\u00b0 C, die N\u00e4chte manchmal kaum unter 20. Den Ventilator habe ich eigentlich schon verstauen wollen, nach dem verregneten und gef\u00fchlt sehr k\u00fchlen vergangenen August; aber der dreht jetzt doch noch ein bisschen im Versuch, so zu tun, als wenn die Luft nicht stehen w\u00fcrde. <\/p>\n\n\n\n<p>Es ist wieder ein <strong>Sonntag<\/strong>, und ich gucke zur Abwechslung Romantik-Drama-Kom\u00f6dien. Nebenbei ertappe ich mich dabei, wie ich den Herbst herbeisehne; aber aus den falschen Gr\u00fcnden, wie ich f\u00fcrchte. In meinem Kopf ist diese werbe- und filmverseuchte Vorstellung von regnerischen Nachmittagen, roten Schirmen und bunten Bl\u00e4ttern, gro\u00dfen Pf\u00fctzen und funkelndem magischen Licht, w\u00e4hrend man die w\u00fcrzige Luft atmet und lange Spazierg\u00e4nge macht, um dann in ein gem\u00fctliches zu Hause zu kommen, in dem ein Kaminfeuer knistert und das Ofengem\u00fcse duftet, Kerzen flackern und der Regen dann am Fenster in funkelnden Tropfen herunterl\u00e4uft; ein Hauch von melancholischem Jazz leise irgendwo &#8230; seit wann h\u00f6re ich Jazz?<\/p>\n\n\n\n<p>So ist es nat\u00fcrlich nicht. Es scheitert noch immer daran, dass ich konditionell nicht wirklich weite Strecken laufen kann. Auch wenn nun schon <strong>\u00fcber 5 kg runter<\/strong> sind; Ausdauer beim Laufen habe ich noch keine.  Aber es wird. Es muss werden; langsam, und zielstrebig, und ohne die st\u00e4ndige Versuchung, sich diese \u00fcberteuerten Abnehmgummib\u00e4rchen zu kaufen, um dann in einer Woche 2 kg oder mehr abzunehmen. Nein, ich werde nach und nach und Woche f\u00fcr Woche mich an Punkte halten und jeden Freitag auf die Waage steigen. Auch, wenn das manchmal mit Entt\u00e4uschung behaftet ist. Letzte Woche hatte ich 1,5 kg weniger, und diesen Freitag, obwohl ich nichts &#8222;verbotenes&#8220; gegessen\/getrunken hatte, waren wieder da. Verdammt. Aber gem\u00e4\u00df den Erfahrungen in der WW Community scheint das auch vielen anderen so zu gehen. Der K\u00f6rper, ein seltsames Konstrukt. Ob meine Mutter und meine Tanten von oben herabschauen und l\u00e4cheln, weil ich versuche, aus dem Frauenk\u00f6rper unserer Familie halbwegs &#8222;auszubrechen&#8220;?. Vielleicht haben sie auch schon Wetten abgeschlossen, mit Vater und den beiden Br\u00fcdern &#8230; <\/p>\n\n\n\n<p>Und vielleicht sollte ich mir dieses eine Lied, das ich vor bestimmt 40 Jahren ein- oder zweimal geh\u00f6rt habe, zu Herzen nehmen: <strong>Im JETZT zu leben<\/strong>, und nicht immer schon das N\u00e4chste zu planen und sich im Sp\u00e4tsommer die Herbsttage vorzustellen. Und wenn es dann Herbst ist, denke ich bereits an die Weihnachtszeit; und dabei verpasst man ganz den Moment. Das Lied war glaube ich von Hermann van Veen.  <\/p>\n\n\n\n<p>Im <strong>B\u00fcro <\/strong>ist auch alles wie immer, und alles reichlich. Es erstaunt mich selbst, dass ich relativ gelassen die Aktenberge betrachten kann und dieses Wochenende keine Diktate mit nach Hause genommen habe. Mein Telefon ist kaputt, also das analoge Ding auf der Arbeit. Das ist ein Fluch und Segen gleichzeitig: einerseits kann ich  nicht ran gehen, denn es funktioniert nur die Freisprechanlage, und dann br\u00fclle ich in das Mikro gegen meine Frau H. an, die an ihrem alten Telefonteil sowieso schon sehr laut in den H\u00f6rer spricht, das man seinen eigenen Gedanken nicht mehr h\u00f6ren kann. Andererseits ohne funktionierende Ger\u00e4te ist es eben auch Mist, halbwegs vern\u00fcnftig und effizient irgendwas fertig zu bekommen, und der Frustlevel steigt. <\/p>\n\n\n\n<p>Heute Abend r\u00e4umen wir das <strong>alte (neue) Sofa<\/strong> raus; es zieht eine Etage h\u00f6her zu M. Wir bekommen morgen ein bequemeres geliefert. Ich bin schon sehr gespannt, ob es so sein wird, wie ich es mir vorstelle. Oder ganz anders. Und vermutlich werde ich baff erstaunt sein, wie sehr auch schon kleine Details einen Raum ver\u00e4ndern k\u00f6nnen. Erst recht ein Sofa. Ich bin jedenfalls voller Vorfreude und Spannung; auch wenn es bedeutet, dass ich den heutigen Tatort auf einem Ersatzhocker sitzend betwitt &#8230;. ach, es hei\u00dft ja nicht mehr Twitter, sondern X. <\/p>\n\n\n\n<figure class=\"wp-block-image size-large is-style-default\"><a href=\"https:\/\/sajec.de\/blog\/wp-content\/uploads\/2023\/09\/10092023-scaled.jpg\"><img loading=\"lazy\" decoding=\"async\" width=\"1024\" height=\"683\" src=\"https:\/\/sajec.de\/blog\/wp-content\/uploads\/2023\/09\/10092023-1024x683.jpg\" alt=\"\" class=\"wp-image-20616\" srcset=\"https:\/\/sajec.de\/blog\/wp-content\/uploads\/2023\/09\/10092023-1024x683.jpg 1024w, https:\/\/sajec.de\/blog\/wp-content\/uploads\/2023\/09\/10092023-300x200.jpg 300w, https:\/\/sajec.de\/blog\/wp-content\/uploads\/2023\/09\/10092023-768x512.jpg 768w, https:\/\/sajec.de\/blog\/wp-content\/uploads\/2023\/09\/10092023-1536x1024.jpg 1536w, https:\/\/sajec.de\/blog\/wp-content\/uploads\/2023\/09\/10092023-2048x1365.jpg 2048w\" sizes=\"auto, (max-width: 1024px) 100vw, 1024px\" \/><\/a><\/figure>\n","protected":false},"excerpt":{"rendered":"<p>Der Sommer 2023 sollte &#8211; am 10. September &#8211; sich langsam seinem Ende zuneigen, aber er drehte noch einmal die letzte Woche voll auf. Temperaturen an die 30\u00b0 C, die N\u00e4chte manchmal kaum unter 20. Den Ventilator habe ich eigentlich &hellip; <a href=\"https:\/\/sajec.de\/blog\/schon-wieder-ein-sonntagsblogpost\/\">Weiterlesen <span class=\"meta-nav\">&rarr;<\/span><\/a><\/p>\n","protected":false},"author":2,"featured_media":0,"comment_status":"open","ping_status":"open","sticky":false,"template":"","format":"standard","meta":{"ngg_post_thumbnail":0,"footnotes":""},"categories":[1],"tags":[],"class_list":["post-20615","post","type-post","status-publish","format-standard","hentry","category-tagebuch"],"_links":{"self":[{"href":"https:\/\/sajec.de\/blog\/wp-json\/wp\/v2\/posts\/20615","targetHints":{"allow":["GET"]}}],"collection":[{"href":"https:\/\/sajec.de\/blog\/wp-json\/wp\/v2\/posts"}],"about":[{"href":"https:\/\/sajec.de\/blog\/wp-json\/wp\/v2\/types\/post"}],"author":[{"embeddable":true,"href":"https:\/\/sajec.de\/blog\/wp-json\/wp\/v2\/users\/2"}],"replies":[{"embeddable":true,"href":"https:\/\/sajec.de\/blog\/wp-json\/wp\/v2\/comments?post=20615"}],"version-history":[{"count":4,"href":"https:\/\/sajec.de\/blog\/wp-json\/wp\/v2\/posts\/20615\/revisions"}],"predecessor-version":[{"id":20620,"href":"https:\/\/sajec.de\/blog\/wp-json\/wp\/v2\/posts\/20615\/revisions\/20620"}],"wp:attachment":[{"href":"https:\/\/sajec.de\/blog\/wp-json\/wp\/v2\/media?parent=20615"}],"wp:term":[{"taxonomy":"category","embeddable":true,"href":"https:\/\/sajec.de\/blog\/wp-json\/wp\/v2\/categories?post=20615"},{"taxonomy":"post_tag","embeddable":true,"href":"https:\/\/sajec.de\/blog\/wp-json\/wp\/v2\/tags?post=20615"}],"curies":[{"name":"wp","href":"https:\/\/api.w.org\/{rel}","templated":true}]}}