{"id":20639,"date":"2023-10-15T11:39:23","date_gmt":"2023-10-15T09:39:23","guid":{"rendered":"https:\/\/sajec.de\/blog\/?p=20639"},"modified":"2023-10-15T11:39:23","modified_gmt":"2023-10-15T09:39:23","slug":"herbst-mit-die-schoenste-jahreszeit","status":"publish","type":"post","link":"https:\/\/sajec.de\/blog\/herbst-mit-die-schoenste-jahreszeit\/","title":{"rendered":"Herbst, mit die sch\u00f6nste Jahreszeit"},"content":{"rendered":"\n<p>mit seinem Wind und dem Regen, den Nebel und den bunten Bl\u00e4ttern, obwohl, sie sind noch gar nicht so bunt. Daf\u00fcr fallen die Kastanien mit einem Ploppen auf die Autod\u00e4cher. Ich mag den Herbst, und mein Mazda steht gl\u00fccklicherweise unter keinem Kastanienbaum. <\/p>\n\n\n\n<figure class=\"wp-block-image size-large is-style-default\"><a href=\"https:\/\/sajec.de\/blog\/wp-content\/uploads\/2023\/10\/15102023_2-scaled.jpg\"><img loading=\"lazy\" decoding=\"async\" width=\"1024\" height=\"629\" src=\"https:\/\/sajec.de\/blog\/wp-content\/uploads\/2023\/10\/15102023_2-1024x629.jpg\" alt=\"\" class=\"wp-image-20640\" srcset=\"https:\/\/sajec.de\/blog\/wp-content\/uploads\/2023\/10\/15102023_2-1024x629.jpg 1024w, https:\/\/sajec.de\/blog\/wp-content\/uploads\/2023\/10\/15102023_2-300x184.jpg 300w, https:\/\/sajec.de\/blog\/wp-content\/uploads\/2023\/10\/15102023_2-768x472.jpg 768w, https:\/\/sajec.de\/blog\/wp-content\/uploads\/2023\/10\/15102023_2-1536x944.jpg 1536w, https:\/\/sajec.de\/blog\/wp-content\/uploads\/2023\/10\/15102023_2-2048x1259.jpg 2048w\" sizes=\"auto, (max-width: 1024px) 100vw, 1024px\" \/><\/a><\/figure>\n\n\n\n<figure class=\"wp-block-image size-large is-style-default\"><a href=\"https:\/\/sajec.de\/blog\/wp-content\/uploads\/2023\/10\/15102023_6.jpg\"><img loading=\"lazy\" decoding=\"async\" width=\"1024\" height=\"760\" src=\"https:\/\/sajec.de\/blog\/wp-content\/uploads\/2023\/10\/15102023_6-1024x760.jpg\" alt=\"\" class=\"wp-image-20641\" srcset=\"https:\/\/sajec.de\/blog\/wp-content\/uploads\/2023\/10\/15102023_6-1024x760.jpg 1024w, https:\/\/sajec.de\/blog\/wp-content\/uploads\/2023\/10\/15102023_6-300x223.jpg 300w, https:\/\/sajec.de\/blog\/wp-content\/uploads\/2023\/10\/15102023_6-768x570.jpg 768w, https:\/\/sajec.de\/blog\/wp-content\/uploads\/2023\/10\/15102023_6.jpg 1202w\" sizes=\"auto, (max-width: 1024px) 100vw, 1024px\" \/><\/a><\/figure>\n\n\n\n<figure class=\"wp-block-image size-large is-style-default\"><a href=\"https:\/\/sajec.de\/blog\/wp-content\/uploads\/2023\/10\/herbstliebe.jpg\"><img loading=\"lazy\" decoding=\"async\" width=\"1024\" height=\"1024\" src=\"https:\/\/sajec.de\/blog\/wp-content\/uploads\/2023\/10\/herbstliebe-1024x1024.jpg\" alt=\"\" class=\"wp-image-20642\" srcset=\"https:\/\/sajec.de\/blog\/wp-content\/uploads\/2023\/10\/herbstliebe-1024x1024.jpg 1024w, https:\/\/sajec.de\/blog\/wp-content\/uploads\/2023\/10\/herbstliebe-300x300.jpg 300w, https:\/\/sajec.de\/blog\/wp-content\/uploads\/2023\/10\/herbstliebe-150x150.jpg 150w, https:\/\/sajec.de\/blog\/wp-content\/uploads\/2023\/10\/herbstliebe-768x768.jpg 768w, https:\/\/sajec.de\/blog\/wp-content\/uploads\/2023\/10\/herbstliebe.jpg 1080w\" sizes=\"auto, (max-width: 1024px) 100vw, 1024px\" \/><\/a><\/figure>\n","protected":false},"excerpt":{"rendered":"<p>mit seinem Wind und dem Regen, den Nebel und den bunten Bl\u00e4ttern, obwohl, sie sind noch gar nicht so bunt. Daf\u00fcr fallen die Kastanien mit einem Ploppen auf die Autod\u00e4cher. Ich mag den Herbst, und mein Mazda steht gl\u00fccklicherweise unter &hellip; <a href=\"https:\/\/sajec.de\/blog\/herbst-mit-die-schoenste-jahreszeit\/\">Weiterlesen <span class=\"meta-nav\">&rarr;<\/span><\/a><\/p>\n","protected":false},"author":2,"featured_media":0,"comment_status":"open","ping_status":"open","sticky":false,"template":"","format":"standard","meta":{"ngg_post_thumbnail":0,"footnotes":""},"categories":[1],"tags":[],"class_list":["post-20639","post","type-post","status-publish","format-standard","hentry","category-tagebuch"],"_links":{"self":[{"href":"https:\/\/sajec.de\/blog\/wp-json\/wp\/v2\/posts\/20639","targetHints":{"allow":["GET"]}}],"collection":[{"href":"https:\/\/sajec.de\/blog\/wp-json\/wp\/v2\/posts"}],"about":[{"href":"https:\/\/sajec.de\/blog\/wp-json\/wp\/v2\/types\/post"}],"author":[{"embeddable":true,"href":"https:\/\/sajec.de\/blog\/wp-json\/wp\/v2\/users\/2"}],"replies":[{"embeddable":true,"href":"https:\/\/sajec.de\/blog\/wp-json\/wp\/v2\/comments?post=20639"}],"version-history":[{"count":1,"href":"https:\/\/sajec.de\/blog\/wp-json\/wp\/v2\/posts\/20639\/revisions"}],"predecessor-version":[{"id":20643,"href":"https:\/\/sajec.de\/blog\/wp-json\/wp\/v2\/posts\/20639\/revisions\/20643"}],"wp:attachment":[{"href":"https:\/\/sajec.de\/blog\/wp-json\/wp\/v2\/media?parent=20639"}],"wp:term":[{"taxonomy":"category","embeddable":true,"href":"https:\/\/sajec.de\/blog\/wp-json\/wp\/v2\/categories?post=20639"},{"taxonomy":"post_tag","embeddable":true,"href":"https:\/\/sajec.de\/blog\/wp-json\/wp\/v2\/tags?post=20639"}],"curies":[{"name":"wp","href":"https:\/\/api.w.org\/{rel}","templated":true}]}}