{"id":20714,"date":"2023-12-09T14:09:21","date_gmt":"2023-12-09T13:09:21","guid":{"rendered":"https:\/\/sajec.de\/blog\/?p=20714"},"modified":"2023-12-09T14:09:21","modified_gmt":"2023-12-09T13:09:21","slug":"kopfschmerzen-4","status":"publish","type":"post","link":"https:\/\/sajec.de\/blog\/kopfschmerzen-4\/","title":{"rendered":"Kopfschmerzen"},"content":{"rendered":"\n<figure class=\"wp-block-image size-large is-style-default\"><a href=\"https:\/\/sajec.de\/blog\/wp-content\/uploads\/2023\/12\/09122023_1.jpg\"><img loading=\"lazy\" decoding=\"async\" width=\"831\" height=\"1024\" src=\"https:\/\/sajec.de\/blog\/wp-content\/uploads\/2023\/12\/09122023_1-831x1024.jpg\" alt=\"\" class=\"wp-image-20715\" srcset=\"https:\/\/sajec.de\/blog\/wp-content\/uploads\/2023\/12\/09122023_1-831x1024.jpg 831w, https:\/\/sajec.de\/blog\/wp-content\/uploads\/2023\/12\/09122023_1-244x300.jpg 244w, https:\/\/sajec.de\/blog\/wp-content\/uploads\/2023\/12\/09122023_1-768x946.jpg 768w, https:\/\/sajec.de\/blog\/wp-content\/uploads\/2023\/12\/09122023_1-1247x1536.jpg 1247w, https:\/\/sajec.de\/blog\/wp-content\/uploads\/2023\/12\/09122023_1.jpg 1500w\" sizes=\"auto, (max-width: 831px) 100vw, 831px\" \/><\/a><\/figure>\n\n\n\n<p>Das wird ein Jammer-Post, denn es ist zum Verr\u00fccktwerden: Es k\u00f6nnte so sch\u00f6n vorweihnachtlich sein, im TV laufen M\u00e4rchen, ich habe letzten Sonntag, zum 1. Advent, 3 Haseln\u00fcsse f\u00fcr Aschenbr\u00f6del gesehen, im Radio lief bereits wengistens einmal Last Christmas, das Abnehmen l\u00e4uft super, trotz der Leckereien, die \u00fcberall einladen; die Wohnung ist geputzt und geschm\u00fcckt &#8230;  Und was ist? Kopfschmerzen seit 3 Tagen. Irgendwas ist ja immer. Wenn die Kopfschmerzen aber so penetrant sind, dass ich freiwillig Tabletten schlucke, um wenigstens ein wenig Ruhe zu haben, dann ist das eben nicht mal eben nur  Stress-Schmerz, dann ist es ernst. <\/p>\n\n\n\n<p>Dazu die t\u00e4glichen SCHLECHTEN Nachrichten. Es scheint keine guten mehr zu geben, jedenfalls nehmen die schlimmen den meisten Raum ein und klammern sich fest, im Kopf, in den Tr\u00e4umen. Letzte Nacht tr\u00e4umte ich vom Krieg, der tobte, hier am Himmel \u00fcber dem beschaulichen St\u00e4dtchen NHam, und ich versp\u00fcrte Angst und Verlust. Wir mussten unsere gem\u00fctliche kleine Wohnung verlassen und losziehen, durch Schnee und N\u00e4sse, Nebel und Wind. Dann wachte ich auf, verwirrt und entsetzt, denn die Gef\u00fchle sch\u00fcttelt man nicht einfach so ab, die bleiben erst mal. <\/p>\n\n\n\n<p>Genau wie verletzende Worte. Die prallen auch auch nicht einfach ab an mir. Die versauen einen den eigentlich wundersch\u00f6nen 1. Advent. Und auch wenn er sich entschuldigt hat, weh taten sie trotzdem. Aber gut, ich will nicht mehr weiter dar\u00fcber nachdenken &#8230; dazu habe ich zu gro\u00dfe Kopfschmerzen. Und das Leben ist zu kurz, um Tage damit zu verschwenden, sauer zu sein. <\/p>\n\n\n\n<figure class=\"wp-block-image size-large is-style-default\"><a href=\"https:\/\/sajec.de\/blog\/wp-content\/uploads\/2023\/12\/09122023_2.jpg\"><img loading=\"lazy\" decoding=\"async\" width=\"773\" height=\"1024\" src=\"https:\/\/sajec.de\/blog\/wp-content\/uploads\/2023\/12\/09122023_2-773x1024.jpg\" alt=\"\" class=\"wp-image-20716\" srcset=\"https:\/\/sajec.de\/blog\/wp-content\/uploads\/2023\/12\/09122023_2-773x1024.jpg 773w, https:\/\/sajec.de\/blog\/wp-content\/uploads\/2023\/12\/09122023_2-227x300.jpg 227w, https:\/\/sajec.de\/blog\/wp-content\/uploads\/2023\/12\/09122023_2-768x1017.jpg 768w, https:\/\/sajec.de\/blog\/wp-content\/uploads\/2023\/12\/09122023_2-1160x1536.jpg 1160w, https:\/\/sajec.de\/blog\/wp-content\/uploads\/2023\/12\/09122023_2.jpg 1500w\" sizes=\"auto, (max-width: 773px) 100vw, 773px\" \/><\/a><\/figure>\n","protected":false},"excerpt":{"rendered":"<p>Das wird ein Jammer-Post, denn es ist zum Verr\u00fccktwerden: Es k\u00f6nnte so sch\u00f6n vorweihnachtlich sein, im TV laufen M\u00e4rchen, ich habe letzten Sonntag, zum 1. Advent, 3 Haseln\u00fcsse f\u00fcr Aschenbr\u00f6del gesehen, im Radio lief bereits wengistens einmal Last Christmas, das &hellip; <a href=\"https:\/\/sajec.de\/blog\/kopfschmerzen-4\/\">Weiterlesen <span class=\"meta-nav\">&rarr;<\/span><\/a><\/p>\n","protected":false},"author":2,"featured_media":0,"comment_status":"open","ping_status":"open","sticky":false,"template":"","format":"standard","meta":{"ngg_post_thumbnail":0,"footnotes":""},"categories":[1],"tags":[],"class_list":["post-20714","post","type-post","status-publish","format-standard","hentry","category-tagebuch"],"_links":{"self":[{"href":"https:\/\/sajec.de\/blog\/wp-json\/wp\/v2\/posts\/20714","targetHints":{"allow":["GET"]}}],"collection":[{"href":"https:\/\/sajec.de\/blog\/wp-json\/wp\/v2\/posts"}],"about":[{"href":"https:\/\/sajec.de\/blog\/wp-json\/wp\/v2\/types\/post"}],"author":[{"embeddable":true,"href":"https:\/\/sajec.de\/blog\/wp-json\/wp\/v2\/users\/2"}],"replies":[{"embeddable":true,"href":"https:\/\/sajec.de\/blog\/wp-json\/wp\/v2\/comments?post=20714"}],"version-history":[{"count":1,"href":"https:\/\/sajec.de\/blog\/wp-json\/wp\/v2\/posts\/20714\/revisions"}],"predecessor-version":[{"id":20717,"href":"https:\/\/sajec.de\/blog\/wp-json\/wp\/v2\/posts\/20714\/revisions\/20717"}],"wp:attachment":[{"href":"https:\/\/sajec.de\/blog\/wp-json\/wp\/v2\/media?parent=20714"}],"wp:term":[{"taxonomy":"category","embeddable":true,"href":"https:\/\/sajec.de\/blog\/wp-json\/wp\/v2\/categories?post=20714"},{"taxonomy":"post_tag","embeddable":true,"href":"https:\/\/sajec.de\/blog\/wp-json\/wp\/v2\/tags?post=20714"}],"curies":[{"name":"wp","href":"https:\/\/api.w.org\/{rel}","templated":true}]}}