{"id":21134,"date":"2024-06-02T15:32:04","date_gmt":"2024-06-02T13:32:04","guid":{"rendered":"https:\/\/sajec.de\/blog\/?p=21134"},"modified":"2024-06-02T15:37:37","modified_gmt":"2024-06-02T13:37:37","slug":"good-bye-may-hello-pride-june","status":"publish","type":"post","link":"https:\/\/sajec.de\/blog\/good-bye-may-hello-pride-june\/","title":{"rendered":"Good bye May, Hello Pride June."},"content":{"rendered":"\n<div class=\"wp-block-media-text is-stacked-on-mobile is-style-default\"><figure class=\"wp-block-media-text__media\"><img loading=\"lazy\" decoding=\"async\" width=\"1024\" height=\"1024\" src=\"https:\/\/sajec.de\/blog\/wp-content\/uploads\/2024\/06\/brian-justin-pride-1024x1024.png\" alt=\"\" class=\"wp-image-21135 size-full\" srcset=\"https:\/\/sajec.de\/blog\/wp-content\/uploads\/2024\/06\/brian-justin-pride-1024x1024.png 1024w, https:\/\/sajec.de\/blog\/wp-content\/uploads\/2024\/06\/brian-justin-pride-300x300.png 300w, https:\/\/sajec.de\/blog\/wp-content\/uploads\/2024\/06\/brian-justin-pride-150x150.png 150w, https:\/\/sajec.de\/blog\/wp-content\/uploads\/2024\/06\/brian-justin-pride-768x768.png 768w, https:\/\/sajec.de\/blog\/wp-content\/uploads\/2024\/06\/brian-justin-pride.png 1080w\" sizes=\"auto, (max-width: 1024px) 100vw, 1024px\" \/><\/figure><div class=\"wp-block-media-text__content\">\n<p>Schon ist der Mai 2024 zu Ende, und man fragt sich an dieser Stelle: Wo ging er hin, so schnell?<br>Hello J U N I, hallo Pride-Month. <br>F\u00fcr mich immer noch an erster Stelle <br>BRIAN &amp; JUSTIN <br>von Queer As Folk. <br>Das wird sich auch so schnell nicht \u00e4ndern. Nach wie vor ist es das Universum, das mich auff\u00e4ngt. Vielleicht kommt noch die kleine niedliche Netflix-Serie HERATSTOPPER hinzu, die im Herbst ihre 3. Staffel bekommen wird. <\/p>\n<\/div><\/div>\n\n\n\n<p>Eigentlich war der Mai gar nicht so un\u00fcbel. Der Mai ist sowieso einer der h\u00fcbschesten Monate des Jahres, allein wegen seiner vielen freien Tage. <br>Abnehmtechnisch habe ich das erste Ziel erreicht: <\/p>\n\n\n\n<figure class=\"wp-block-image size-large is-resized is-style-default\"><a href=\"https:\/\/sajec.de\/blog\/wp-content\/uploads\/2024\/06\/minus20.jpg\"><img loading=\"lazy\" decoding=\"async\" width=\"1024\" height=\"279\" src=\"https:\/\/sajec.de\/blog\/wp-content\/uploads\/2024\/06\/minus20-1024x279.jpg\" alt=\"\" class=\"wp-image-21136\" style=\"width:334px;height:auto\" srcset=\"https:\/\/sajec.de\/blog\/wp-content\/uploads\/2024\/06\/minus20-1024x279.jpg 1024w, https:\/\/sajec.de\/blog\/wp-content\/uploads\/2024\/06\/minus20-300x82.jpg 300w, https:\/\/sajec.de\/blog\/wp-content\/uploads\/2024\/06\/minus20-768x210.jpg 768w, https:\/\/sajec.de\/blog\/wp-content\/uploads\/2024\/06\/minus20.jpg 1488w\" sizes=\"auto, (max-width: 1024px) 100vw, 1024px\" \/><\/a><\/figure>\n\n\n\n<p>Aber das soll erst der erste Abschnitt meiner erneuten Abnehmreise sein, es sollen noch mal doppelt so viele folgen, auch wenn es dauern wird. Der Weg ist das Ziel, und der Weg ist meistens k\u00f6stlich. <\/p>\n\n\n\n<p>Im B\u00fcro war es wie immer, wenn Chef kurz vor seinem ersten Jahresurlaub steht: hektisch und von den Diktaten her nicht zu schaffen. Also habe ich ohne schlechtes Gewissen diese letzte Woche vor der chef&#8217;schen Urlaubsabwesenheit so weit m\u00f6glich p\u00fcnktlich Feierabend gemacht. <br>Daf\u00fcr eskalierte eine unserer B\u00fcro-Orchideen, und ich glaube, Drusilla, die B\u00fcropflanze, die schon da war, als ich vor mehr als 20 Jahren bei Chef mit dem Tippen anfing, wird demn\u00e4chst auch wieder bl\u00fchen:<\/p>\n\n\n\n<figure class=\"wp-block-image size-large is-resized is-style-default\"><a href=\"https:\/\/sajec.de\/blog\/wp-content\/uploads\/2024\/06\/02062024__3.png\"><img loading=\"lazy\" decoding=\"async\" width=\"1024\" height=\"771\" src=\"https:\/\/sajec.de\/blog\/wp-content\/uploads\/2024\/06\/02062024__3-1024x771.png\" alt=\"\" class=\"wp-image-21137\" style=\"width:465px;height:auto\" srcset=\"https:\/\/sajec.de\/blog\/wp-content\/uploads\/2024\/06\/02062024__3-1024x771.png 1024w, https:\/\/sajec.de\/blog\/wp-content\/uploads\/2024\/06\/02062024__3-300x226.png 300w, https:\/\/sajec.de\/blog\/wp-content\/uploads\/2024\/06\/02062024__3-768x578.png 768w, https:\/\/sajec.de\/blog\/wp-content\/uploads\/2024\/06\/02062024__3.png 1500w\" sizes=\"auto, (max-width: 1024px) 100vw, 1024px\" \/><\/a><\/figure>\n\n\n\n<p>Und wenn alles soweit eigentlich gut l\u00e4uft, warum f\u00fchle ich mich dann so down? Besonders jetzt, am Wochenende? Ich habe keine Ahnung, es ist nur einfach so. Vielleicht h\u00e4ngt es damit zusammen, dass ich eben das Gef\u00fchl habe, dass man nicht gegen die Arbeitsflut ank\u00e4mpfen kann! Es wird nie genug sein! Irgendwas bleibt immer liegen. Auch die kommenden 2 Wochen, in denen wir das B\u00fcro quasi alleine rocken werden, werden nicht ausreichen, um all die Aufgaben mit dem Label &#8222;Wenn mal Zeit ist&#8220; zu erledigen. Und das frustriert. <br>Vielleicht brauche ich einfach nur etwas, auf das ich mich freuen kann, ein Mini-Urlaubs-Auszeit-Ziel, so etwas in der Art &#8230; Aber immer, wenn ich in der Richtung irgendwas planen m\u00f6chte, nistet sich sofort der Gedanke in den Kopf: Ach, halte mal lieber deine Kr\u00f6ten beisammen, wer wei\u00df, welche Rechnung n\u00e4chsten Monat ins Haus fliegt! und vermiest eine Planung diesbez\u00fcglich. <br>Und so schnappe ich mir mein KINDLE, suche die traurigste Story heraus und versinke in mein Universum &#8211; das hat immer ein Happy End (ich erw\u00e4hnte das bereits bestimmt).<\/p>\n","protected":false},"excerpt":{"rendered":"<p>Schon ist der Mai 2024 zu Ende, und man fragt sich an dieser Stelle: Wo ging er hin, so schnell?Hello J U N I, hallo Pride-Month. F\u00fcr mich immer noch an erster Stelle BRIAN &amp; JUSTIN von Queer As Folk. &hellip; <a href=\"https:\/\/sajec.de\/blog\/good-bye-may-hello-pride-june\/\">Weiterlesen <span class=\"meta-nav\">&rarr;<\/span><\/a><\/p>\n","protected":false},"author":2,"featured_media":0,"comment_status":"open","ping_status":"open","sticky":false,"template":"","format":"standard","meta":{"ngg_post_thumbnail":0,"footnotes":""},"categories":[21,5,1],"tags":[],"class_list":["post-21134","post","type-post","status-publish","format-standard","hentry","category-abnehmen","category-bilder","category-tagebuch"],"_links":{"self":[{"href":"https:\/\/sajec.de\/blog\/wp-json\/wp\/v2\/posts\/21134","targetHints":{"allow":["GET"]}}],"collection":[{"href":"https:\/\/sajec.de\/blog\/wp-json\/wp\/v2\/posts"}],"about":[{"href":"https:\/\/sajec.de\/blog\/wp-json\/wp\/v2\/types\/post"}],"author":[{"embeddable":true,"href":"https:\/\/sajec.de\/blog\/wp-json\/wp\/v2\/users\/2"}],"replies":[{"embeddable":true,"href":"https:\/\/sajec.de\/blog\/wp-json\/wp\/v2\/comments?post=21134"}],"version-history":[{"count":3,"href":"https:\/\/sajec.de\/blog\/wp-json\/wp\/v2\/posts\/21134\/revisions"}],"predecessor-version":[{"id":21140,"href":"https:\/\/sajec.de\/blog\/wp-json\/wp\/v2\/posts\/21134\/revisions\/21140"}],"wp:attachment":[{"href":"https:\/\/sajec.de\/blog\/wp-json\/wp\/v2\/media?parent=21134"}],"wp:term":[{"taxonomy":"category","embeddable":true,"href":"https:\/\/sajec.de\/blog\/wp-json\/wp\/v2\/categories?post=21134"},{"taxonomy":"post_tag","embeddable":true,"href":"https:\/\/sajec.de\/blog\/wp-json\/wp\/v2\/tags?post=21134"}],"curies":[{"name":"wp","href":"https:\/\/api.w.org\/{rel}","templated":true}]}}