{"id":22337,"date":"2026-02-05T21:12:11","date_gmt":"2026-02-05T20:12:11","guid":{"rendered":"https:\/\/sajec.de\/blog\/?p=22337"},"modified":"2026-02-05T21:39:40","modified_gmt":"2026-02-05T20:39:40","slug":"header-bilder","status":"publish","type":"post","link":"https:\/\/sajec.de\/blog\/header-bilder\/","title":{"rendered":"Header-Bilder"},"content":{"rendered":"\n<p>Ich wei\u00df noch nicht, ob ich es behalten werde, oder noch ein ganz anderes mache. Header-Bilder basteln macht Spa\u00df, und so oft wechsel ich den Blogkopf ja auch nicht. Das vorhergehende war glaube ich fast 2 Jahre da? Nee, guck an, seit Januar 2022 schon!<\/p>\n\n\n\n<figure class=\"wp-block-image size-full\"><img loading=\"lazy\" decoding=\"async\" width=\"1000\" height=\"318\" src=\"https:\/\/sajec.de\/blog\/wp-content\/uploads\/2022\/01\/cropped-cropped-3HEADER_JAN2022-scaled-1.jpg\" alt=\"\" class=\"wp-image-20234\" srcset=\"https:\/\/sajec.de\/blog\/wp-content\/uploads\/2022\/01\/cropped-cropped-3HEADER_JAN2022-scaled-1.jpg 1000w, https:\/\/sajec.de\/blog\/wp-content\/uploads\/2022\/01\/cropped-cropped-3HEADER_JAN2022-scaled-1-300x95.jpg 300w, https:\/\/sajec.de\/blog\/wp-content\/uploads\/2022\/01\/cropped-cropped-3HEADER_JAN2022-scaled-1-768x244.jpg 768w, https:\/\/sajec.de\/blog\/wp-content\/uploads\/2022\/01\/cropped-cropped-3HEADER_JAN2022-scaled-1-500x159.jpg 500w\" sizes=\"auto, (max-width: 1000px) 100vw, 1000px\" \/><\/figure>\n\n\n\n<p>Davor hatte ich lange Zeit dieses hier: <\/p>\n\n\n\n<figure class=\"wp-block-image size-full\"><img loading=\"lazy\" decoding=\"async\" width=\"940\" height=\"198\" src=\"https:\/\/sajec.de\/blog\/wp-content\/uploads\/2018\/05\/HEADER_Mai2018.jpg\" alt=\"\" class=\"wp-image-17928\" srcset=\"https:\/\/sajec.de\/blog\/wp-content\/uploads\/2018\/05\/HEADER_Mai2018.jpg 940w, https:\/\/sajec.de\/blog\/wp-content\/uploads\/2018\/05\/HEADER_Mai2018-300x63.jpg 300w, https:\/\/sajec.de\/blog\/wp-content\/uploads\/2018\/05\/HEADER_Mai2018-768x162.jpg 768w\" sizes=\"auto, (max-width: 940px) 100vw, 940px\" \/><\/figure>\n\n\n\n<p>&#8230; und zwar von 2018 an bis eben 2022. Und da davor war &#8230;. das? <\/p>\n\n\n\n<figure class=\"wp-block-image size-large\"><img loading=\"lazy\" decoding=\"async\" width=\"1024\" height=\"360\" src=\"https:\/\/sajec.de\/blog\/wp-content\/uploads\/2012\/08\/header2-1024x360.jpg\" alt=\"\" class=\"wp-image-7112\" srcset=\"https:\/\/sajec.de\/blog\/wp-content\/uploads\/2012\/08\/header2-1024x360.jpg 1024w, https:\/\/sajec.de\/blog\/wp-content\/uploads\/2012\/08\/header2-300x105.jpg 300w, https:\/\/sajec.de\/blog\/wp-content\/uploads\/2012\/08\/header2-150x52.jpg 150w, https:\/\/sajec.de\/blog\/wp-content\/uploads\/2012\/08\/header2-400x140.jpg 400w, https:\/\/sajec.de\/blog\/wp-content\/uploads\/2012\/08\/header2.jpg 1134w\" sizes=\"auto, (max-width: 1024px) 100vw, 1024px\" \/><\/figure>\n\n\n\n<p>Nee, das muss nach 2012 gewesen sein, als wir diesen fantastischen fast 4,5-Wochen langen Urlaub in Canada gemacht haben, von dem ich heute noch schw\u00e4rme. Keine Ahnung, was ich da f\u00fcr einen Header hatte, in der Mediathek vom Blog ist er jedenfalls nicht mehr. Davor war vermutlich eine \u00e4hnliche Version wie bis 2022.<\/p>\n\n\n\n<p>Was ist zum Beispiel mit dem hier?<\/p>\n\n\n\n<figure class=\"wp-block-image size-full\"><img loading=\"lazy\" decoding=\"async\" width=\"940\" height=\"198\" src=\"https:\/\/sajec.de\/blog\/wp-content\/uploads\/2026\/02\/Header_2026_2.png\" alt=\"\" class=\"wp-image-22338\" srcset=\"https:\/\/sajec.de\/blog\/wp-content\/uploads\/2026\/02\/Header_2026_2.png 940w, https:\/\/sajec.de\/blog\/wp-content\/uploads\/2026\/02\/Header_2026_2-300x63.png 300w, https:\/\/sajec.de\/blog\/wp-content\/uploads\/2026\/02\/Header_2026_2-768x162.png 768w\" sizes=\"auto, (max-width: 940px) 100vw, 940px\" \/><\/figure>\n\n\n\n<p>Oder etwa so?<\/p>\n\n\n\n<figure class=\"wp-block-image size-full\"><img loading=\"lazy\" decoding=\"async\" width=\"940\" height=\"198\" src=\"https:\/\/sajec.de\/blog\/wp-content\/uploads\/2026\/02\/Header_2026_3.jpeg\" alt=\"\" class=\"wp-image-22339\" srcset=\"https:\/\/sajec.de\/blog\/wp-content\/uploads\/2026\/02\/Header_2026_3.jpeg 940w, https:\/\/sajec.de\/blog\/wp-content\/uploads\/2026\/02\/Header_2026_3-300x63.jpeg 300w, https:\/\/sajec.de\/blog\/wp-content\/uploads\/2026\/02\/Header_2026_3-768x162.jpeg 768w\" sizes=\"auto, (max-width: 940px) 100vw, 940px\" \/><\/figure>\n\n\n\n<p>Brian &amp; Justin bleiben erhalten, diese Leidenschaft habe ich immer noch nicht abgelegt. Schuldig im Sinne der Anklage, aber wo kein Richter, da kein Henker &#8230; oder so. <\/p>\n\n\n\n<figure class=\"wp-block-image size-full\"><img loading=\"lazy\" decoding=\"async\" width=\"940\" height=\"198\" src=\"https:\/\/sajec.de\/blog\/wp-content\/uploads\/2026\/02\/Header_2026_4.jpeg\" alt=\"\" class=\"wp-image-22341\" srcset=\"https:\/\/sajec.de\/blog\/wp-content\/uploads\/2026\/02\/Header_2026_4.jpeg 940w, https:\/\/sajec.de\/blog\/wp-content\/uploads\/2026\/02\/Header_2026_4-300x63.jpeg 300w, https:\/\/sajec.de\/blog\/wp-content\/uploads\/2026\/02\/Header_2026_4-768x162.jpeg 768w\" sizes=\"auto, (max-width: 940px) 100vw, 940px\" \/><\/figure>\n\n\n\n<p>Hmm, vielleicht etwas mit Nebel?<\/p>\n\n\n\n<figure class=\"wp-block-image size-full\"><img loading=\"lazy\" decoding=\"async\" width=\"940\" height=\"198\" src=\"https:\/\/sajec.de\/blog\/wp-content\/uploads\/2026\/02\/Header_2026_5.jpeg\" alt=\"\" class=\"wp-image-22342\" srcset=\"https:\/\/sajec.de\/blog\/wp-content\/uploads\/2026\/02\/Header_2026_5.jpeg 940w, https:\/\/sajec.de\/blog\/wp-content\/uploads\/2026\/02\/Header_2026_5-300x63.jpeg 300w, https:\/\/sajec.de\/blog\/wp-content\/uploads\/2026\/02\/Header_2026_5-768x162.jpeg 768w\" sizes=\"auto, (max-width: 940px) 100vw, 940px\" \/><\/figure>\n\n\n\n<p>Einen habe ich noch, ohne Landschaft: <\/p>\n\n\n\n<figure class=\"wp-block-image size-full\"><img loading=\"lazy\" decoding=\"async\" width=\"940\" height=\"198\" src=\"https:\/\/sajec.de\/blog\/wp-content\/uploads\/2026\/02\/Header_2026_6.jpeg\" alt=\"\" class=\"wp-image-22347\" srcset=\"https:\/\/sajec.de\/blog\/wp-content\/uploads\/2026\/02\/Header_2026_6.jpeg 940w, https:\/\/sajec.de\/blog\/wp-content\/uploads\/2026\/02\/Header_2026_6-300x63.jpeg 300w, https:\/\/sajec.de\/blog\/wp-content\/uploads\/2026\/02\/Header_2026_6-768x162.jpeg 768w\" sizes=\"auto, (max-width: 940px) 100vw, 940px\" \/><\/figure>\n","protected":false},"excerpt":{"rendered":"<p>Ich wei\u00df noch nicht, ob ich es behalten werde, oder noch ein ganz anderes mache. Header-Bilder basteln macht Spa\u00df, und so oft wechsel ich den Blogkopf ja auch nicht. Das vorhergehende war glaube ich fast 2 Jahre da? Nee, guck &hellip; <a href=\"https:\/\/sajec.de\/blog\/header-bilder\/\">Weiterlesen <span class=\"meta-nav\">&rarr;<\/span><\/a><\/p>\n","protected":false},"author":2,"featured_media":0,"comment_status":"open","ping_status":"open","sticky":false,"template":"","format":"standard","meta":{"ngg_post_thumbnail":0,"footnotes":""},"categories":[1],"tags":[],"class_list":["post-22337","post","type-post","status-publish","format-standard","hentry","category-tagebuch"],"_links":{"self":[{"href":"https:\/\/sajec.de\/blog\/wp-json\/wp\/v2\/posts\/22337","targetHints":{"allow":["GET"]}}],"collection":[{"href":"https:\/\/sajec.de\/blog\/wp-json\/wp\/v2\/posts"}],"about":[{"href":"https:\/\/sajec.de\/blog\/wp-json\/wp\/v2\/types\/post"}],"author":[{"embeddable":true,"href":"https:\/\/sajec.de\/blog\/wp-json\/wp\/v2\/users\/2"}],"replies":[{"embeddable":true,"href":"https:\/\/sajec.de\/blog\/wp-json\/wp\/v2\/comments?post=22337"}],"version-history":[{"count":4,"href":"https:\/\/sajec.de\/blog\/wp-json\/wp\/v2\/posts\/22337\/revisions"}],"predecessor-version":[{"id":22348,"href":"https:\/\/sajec.de\/blog\/wp-json\/wp\/v2\/posts\/22337\/revisions\/22348"}],"wp:attachment":[{"href":"https:\/\/sajec.de\/blog\/wp-json\/wp\/v2\/media?parent=22337"}],"wp:term":[{"taxonomy":"category","embeddable":true,"href":"https:\/\/sajec.de\/blog\/wp-json\/wp\/v2\/categories?post=22337"},{"taxonomy":"post_tag","embeddable":true,"href":"https:\/\/sajec.de\/blog\/wp-json\/wp\/v2\/tags?post=22337"}],"curies":[{"name":"wp","href":"https:\/\/api.w.org\/{rel}","templated":true}]}}