{"id":22349,"date":"2026-02-06T20:59:38","date_gmt":"2026-02-06T19:59:38","guid":{"rendered":"https:\/\/sajec.de\/blog\/?p=22349"},"modified":"2026-02-06T20:59:38","modified_gmt":"2026-02-06T19:59:38","slug":"freitag-2","status":"publish","type":"post","link":"https:\/\/sajec.de\/blog\/freitag-2\/","title":{"rendered":"Freitag"},"content":{"rendered":"\n<p>Endlich. Es war ein gutes, ruhiges, fast entspanntes Arbeiten im B\u00fcro mit einem p\u00fcnktlichen Feierabend. Ich habe alles geschafft, was auf meinem Zettel f\u00fcr heute stand und auch der Drucker ist wieder ansprechbar und zur\u00fcck vom Ausflug. Es war wie immer, die einfachste L\u00f6sung war die richtige: Das Netzwerkkabel war schlicht rausgefallen, und weil immer alle von WLAN sprachen, kam mir gar nicht in den Sinn, dass das mal vorher drinnen gesteckt haben k\u00f6nnte und der ganze Zirkus mit nur einem Klickeinraster behoben h\u00e4tte werden k\u00f6nnen. Nun ja, irgendwo lacht der Mitarbeiter der IT Firma jetzt sicher immer noch. <\/p>\n\n\n\n<p>Dann habe ich meinen WE-Einkauf erledigt, den von M. gleich mit, weil sie derzeit ohne P. und mit dem kleinen Jakob auf dem Arm nicht so wirklich bewegungsfrei ist ;und bei den teilweise noch immer glatten Stra\u00dfen sollte sie lieber nichts riskieren. P. ist vor\u00fcbergehend in Erk\u00e4ltungs-Quarant\u00e4ne zu seinen Eltern gezogen, deswegen habe ich eben den Einkauf f\u00fcr sie eben mit erledigt. Zu Corona-Zeiten is die Kleene ja st\u00e4ndig f\u00fcr uns in das Feindesland einkaufen gegangen, damit wir uns so wenig wie m\u00f6glich dem Virus aussetzen mussten. Also kann ich ja mal ein bisschen was f\u00fcr sie nun mitbringen. No problemo. Und eine neue Kiste Medium-Wasser f\u00fcrs B\u00fcro habe ich auch gleich mitgebracht. <\/p>\n\n\n\n<p>Und dann habe ich es heute getan! Ich habe nun auch LUMINAR NEO f\u00fcrs H\u00f6nd\u00fc gekauft und ausprobiert. Hui, das macht Spa\u00df!<\/p>\n\n\n\n<p>Das sind unsere B\u00fcro-Tulpen: Montag gekauft, Mittwoch geknippst und unbearbeitet, so, wie sie vor der Handykamera baumelten: <\/p>\n\n\n\n<figure class=\"wp-block-image size-large\"><img loading=\"lazy\" decoding=\"async\" width=\"771\" height=\"1024\" src=\"https:\/\/sajec.de\/blog\/wp-content\/uploads\/2026\/02\/06022026_tulpen-771x1024.jpg\" alt=\"\" class=\"wp-image-22350\" srcset=\"https:\/\/sajec.de\/blog\/wp-content\/uploads\/2026\/02\/06022026_tulpen-771x1024.jpg 771w, https:\/\/sajec.de\/blog\/wp-content\/uploads\/2026\/02\/06022026_tulpen-226x300.jpg 226w, https:\/\/sajec.de\/blog\/wp-content\/uploads\/2026\/02\/06022026_tulpen-768x1020.jpg 768w, https:\/\/sajec.de\/blog\/wp-content\/uploads\/2026\/02\/06022026_tulpen-1157x1536.jpg 1157w, https:\/\/sajec.de\/blog\/wp-content\/uploads\/2026\/02\/06022026_tulpen-1542x2048.jpg 1542w, https:\/\/sajec.de\/blog\/wp-content\/uploads\/2026\/02\/06022026_tulpen-scaled.jpg 1928w\" sizes=\"auto, (max-width: 771px) 100vw, 771px\" \/><\/figure>\n\n\n\n<p>Nichts besch\u00f6nigt, nichts begradigt, kein Kontrast &#8230; niente, n\u00fcscht!<\/p>\n\n\n\n<p>Und das ist dasselbe Bild, nun aber mit LUMINAR NEO bearbeitet: <\/p>\n\n\n\n<figure class=\"wp-block-image size-large\"><img loading=\"lazy\" decoding=\"async\" width=\"771\" height=\"1024\" src=\"https:\/\/sajec.de\/blog\/wp-content\/uploads\/2026\/02\/06022026_fruehling-771x1024.jpg\" alt=\"\" class=\"wp-image-22351\" srcset=\"https:\/\/sajec.de\/blog\/wp-content\/uploads\/2026\/02\/06022026_fruehling-771x1024.jpg 771w, https:\/\/sajec.de\/blog\/wp-content\/uploads\/2026\/02\/06022026_fruehling-226x300.jpg 226w, https:\/\/sajec.de\/blog\/wp-content\/uploads\/2026\/02\/06022026_fruehling-768x1019.jpg 768w, https:\/\/sajec.de\/blog\/wp-content\/uploads\/2026\/02\/06022026_fruehling-1157x1536.jpg 1157w, https:\/\/sajec.de\/blog\/wp-content\/uploads\/2026\/02\/06022026_fruehling.jpg 1500w\" sizes=\"auto, (max-width: 771px) 100vw, 771px\" \/><figcaption class=\"wp-element-caption\">bereit f\u00fcr den Fr\u00fchling <\/figcaption><\/figure>\n\n\n\n<p>Wow! Ich habe ein bisschen herumgespielt und ausprobiert, und ich mag es, dass die App dabei so schnarrende Ger\u00e4usche von sich gibt, als wenn man an einem altmodischen R\u00e4dchen dreht. <\/p>\n\n\n\n<div class=\"wp-block-media-text is-stacked-on-mobile\" style=\"grid-template-columns:58% auto\"><figure class=\"wp-block-media-text__media\"><img loading=\"lazy\" decoding=\"async\" width=\"817\" height=\"1024\" src=\"https:\/\/sajec.de\/blog\/wp-content\/uploads\/2026\/02\/06022026_winter2026_-817x1024.jpg\" alt=\"\" class=\"wp-image-22352 size-full\" srcset=\"https:\/\/sajec.de\/blog\/wp-content\/uploads\/2026\/02\/06022026_winter2026_-817x1024.jpg 817w, https:\/\/sajec.de\/blog\/wp-content\/uploads\/2026\/02\/06022026_winter2026_-239x300.jpg 239w, https:\/\/sajec.de\/blog\/wp-content\/uploads\/2026\/02\/06022026_winter2026_-768x962.jpg 768w, https:\/\/sajec.de\/blog\/wp-content\/uploads\/2026\/02\/06022026_winter2026_-1226x1536.jpg 1226w, https:\/\/sajec.de\/blog\/wp-content\/uploads\/2026\/02\/06022026_winter2026_.jpg 1500w\" sizes=\"auto, (max-width: 817px) 100vw, 817px\" \/><\/figure><div class=\"wp-block-media-text__content\">\n<p>Aber noch hat uns der Winter in seinen Klauen und so langsam werde ich der Minusgraden \u00fcberdr\u00fcssig. Es ist nasskalt und die Stra\u00dfen sind teilweise arschglatt. <\/p>\n\n\n\n<p>Das Bild hier links ist allerdings schon im Februar 2025 entstanden. Momentan sieht es eher grau aus, grauer als grau; der wei\u00dfe Schnee von vor 3 Wochen ist vereist und schwarz und verru\u00dft, darunter sind manchmal regelrechte Eisschollen, so dass man nur im Pinguin-Watschelgang von A zum kleinen b kommt, zum Beispiel wenn man den M\u00fcll zur Tonne bringen will. <\/p>\n\n\n\n<p>Also ja: Sehr bereit f\u00fcr Fr\u00fchling!<\/p>\n<\/div><\/div>\n","protected":false},"excerpt":{"rendered":"<p>Endlich. Es war ein gutes, ruhiges, fast entspanntes Arbeiten im B\u00fcro mit einem p\u00fcnktlichen Feierabend. Ich habe alles geschafft, was auf meinem Zettel f\u00fcr heute stand und auch der Drucker ist wieder ansprechbar und zur\u00fcck vom Ausflug. Es war wie &hellip; <a href=\"https:\/\/sajec.de\/blog\/freitag-2\/\">Weiterlesen <span class=\"meta-nav\">&rarr;<\/span><\/a><\/p>\n","protected":false},"author":2,"featured_media":0,"comment_status":"open","ping_status":"open","sticky":false,"template":"","format":"standard","meta":{"ngg_post_thumbnail":0,"footnotes":""},"categories":[1,64],"tags":[],"class_list":["post-22349","post","type-post","status-publish","format-standard","hentry","category-tagebuch","category-buero"],"_links":{"self":[{"href":"https:\/\/sajec.de\/blog\/wp-json\/wp\/v2\/posts\/22349","targetHints":{"allow":["GET"]}}],"collection":[{"href":"https:\/\/sajec.de\/blog\/wp-json\/wp\/v2\/posts"}],"about":[{"href":"https:\/\/sajec.de\/blog\/wp-json\/wp\/v2\/types\/post"}],"author":[{"embeddable":true,"href":"https:\/\/sajec.de\/blog\/wp-json\/wp\/v2\/users\/2"}],"replies":[{"embeddable":true,"href":"https:\/\/sajec.de\/blog\/wp-json\/wp\/v2\/comments?post=22349"}],"version-history":[{"count":1,"href":"https:\/\/sajec.de\/blog\/wp-json\/wp\/v2\/posts\/22349\/revisions"}],"predecessor-version":[{"id":22353,"href":"https:\/\/sajec.de\/blog\/wp-json\/wp\/v2\/posts\/22349\/revisions\/22353"}],"wp:attachment":[{"href":"https:\/\/sajec.de\/blog\/wp-json\/wp\/v2\/media?parent=22349"}],"wp:term":[{"taxonomy":"category","embeddable":true,"href":"https:\/\/sajec.de\/blog\/wp-json\/wp\/v2\/categories?post=22349"},{"taxonomy":"post_tag","embeddable":true,"href":"https:\/\/sajec.de\/blog\/wp-json\/wp\/v2\/tags?post=22349"}],"curies":[{"name":"wp","href":"https:\/\/api.w.org\/{rel}","templated":true}]}}