{"id":2240,"date":"2010-09-10T12:56:25","date_gmt":"2010-09-10T11:56:25","guid":{"rendered":"http:\/\/sajec.de\/blog\/?p=2240"},"modified":"2010-09-10T13:05:10","modified_gmt":"2010-09-10T12:05:10","slug":"wie-ich-meinen-letzten-milchzahn-verlor","status":"publish","type":"post","link":"https:\/\/sajec.de\/blog\/wie-ich-meinen-letzten-milchzahn-verlor\/","title":{"rendered":"Wie ich meinen letzten Milchzahn verlor"},"content":{"rendered":"<p>Ihr kennt das vielleicht: der letzte Milchzahn nervt einfach nur. Mein letzter Milchzahn machte mir &#8211; als ich 12 oder 13 Jahre alt war &#8211; das Leben schwer. Das st\u00e4ndige Gewackel ging mir tagelang tierisch auf die Nerven. Das bl\u00f6de Teil musste also irgendwie raus. Aber zum Zahnarzt wollte ich auf keinen Fall! Und dann kam mir eine Zeichentrickserie zu Hilfe.<\/p>\n<p>\u201cLolek und Bolek\u201d &#8211; und einer von den beiden hatte das gleiche Problem wie ich: einen wackelnden Zahn. Das Zahn-Wackel-Problem wurde dort mit Hilfe einer T\u00fcr und einem St\u00fcck Bindfaden gel\u00f6st. Die Idee fand ich clever &#8211; sie k\u00f6nnte funktionieren. Ich hatte sowohl eine T\u00fcr als auch Sternchenzwirn zur Verf\u00fcgung. Also &#8211; Versuch macht klug.<\/p>\n<p>Ich wickelte um meinen letzten sturen nervenden Milchzahn Sternchenzwirn, was gar nicht so einfach war, denn wie befestigt man das an diesem Biest? St\u00e4ndig rutschte der Zwirn wieder ab und ich musste wieder von vorn anfangen. Je l\u00e4nger man auf Zwirn rumkaut, um so ekliger schmeckt der und macht das Anbinden eines Zahnes auch nicht leichter. Mittlerweile taten mir schon die Arme weh und eine Kiefersperre war auch nicht mehr so ganz abwegig. Aber schlie\u00dflich schaffte ich es. Der Zahn war festgebunden und der restliche Faden hing mir wie ein \u00fcberlanger d\u00fcrrer M\u00e4useschwanz aus dem Mund.<\/p>\n<p>Ready for Step 2: Das andere Ende des Fadens wickelte ich an die Klinke der Badt\u00fcr und legte mich auf den Badteppich in der Erwartung, dass &#8211; sobald jemand die Badt\u00fcr aufrei\u00dfen w\u00fcrde &#8211; mein letzter nervender st\u00f6rrischer Milchzahn kurz und schmerzlos und im hohen Bogen herausgerissen werden w\u00fcrde.<\/p>\n<p>Ich lag also &#8211; zugegebenen doch ein bisschen \u00e4ngstlich &#8211; mitten im Bad und versuchte mich abzulenken. Noch war scheinbar niemand zu hause. Ich h\u00e4tte vorher pr\u00fcfen sollen, ob \u00fcberhaupt jemand in n\u00e4chster Zeit ins Bad musste. Aber nun lag ich schon mal da und konnte also auch warten. Fr\u00fcher oder sp\u00e4ter w\u00fcrde schon jemand auftauchen: mein Bruder, oder mein Vater vielleicht. Die mussten doch st\u00e4ndig aufs Klo.<\/p>\n<p>Unsere Katze strich neugierig um mich herum und in ihren Augen blitzte es am\u00fcsiert.<\/p>\n<p>Dann h\u00f6rte ich Schritte im Flur &#8211; gleich w\u00fcrde es geschehen &#8211; gleich w\u00fcrde die Badt\u00fcr aufgerissen werden! Aufregung und noch ein bisschen mehr Angst kroch in mich. Aber: Es musste jetzt sein! Noch einen Tag mit dem wackelnden Ding wollte ich auch nicht mehr. Ich wagte kaum zu atmen.<\/p>\n<p>Und dann:<\/p>\n<p>Schwang die T\u00fcr auf (wie ich erwartet hatte) und knallte mir an den Kopf (was ich nicht erwartet hatte).<\/p>\n<p>Ich hatte schlicht \u00fcbersehen, dass sich die Badezimmert\u00fcr nach innen \u00f6ffnet und mein Kopf als T\u00fcrstopper fungierte.<\/p>\n<p>Mein Bruder war erst verdutzt, mich mit meiner Zahnentfernungskonstruktion auf dem Badfliesen liegend zu finden &#8211; und fing dann f\u00fcrchterlich an zu lachen. Ich rieb mir den schmerzenden Kopf und wu\u00dfte nicht recht, ob ich weinen oder mitlachen wollte. Ich entschied mich f\u00fcr das letztere.<\/p>\n<p>Die Beule war nicht zu verachten, ich w\u00fcrde die n\u00e4chsten Tage also nicht nur mit meinem letzten Milchz\u00e4hnchen, sondern auch mit einem gr\u00fcnlich-blauen Horn auf meiner Stirn leben m\u00fcssen. Der st\u00f6rrische kleine Milchzahn fiel dann einfach so &#8211; ohne dass ich dar\u00fcber nachgedacht h\u00e4tte &#8211; einem herzhaften Biss in einen Apfel zum Opfer. Die Geschichte selbst wurde bei jedem Familiengeburtstagskaffeeklatsch vor allen Tanten und Onkeln, Neffen und Nichten und &#8211; wenn es sich ergab &#8211; auch Nachbarn zum Besten gegeben &#8211; und jedesmal stieg mir vor Verlegenheit die R\u00f6te ins Gesicht.<\/p>\n","protected":false},"excerpt":{"rendered":"<p>Ihr kennt das vielleicht: der letzte Milchzahn nervt einfach nur. Mein letzter Milchzahn machte mir &#8211; als ich 12 oder 13 Jahre alt war &#8211; das Leben schwer. Das st\u00e4ndige Gewackel ging mir tagelang tierisch auf die Nerven. Das bl\u00f6de &hellip; <a href=\"https:\/\/sajec.de\/blog\/wie-ich-meinen-letzten-milchzahn-verlor\/\">Weiterlesen <span class=\"meta-nav\">&rarr;<\/span><\/a><\/p>\n","protected":false},"author":2,"featured_media":0,"comment_status":"open","ping_status":"open","sticky":false,"template":"","format":"standard","meta":{"ngg_post_thumbnail":0,"footnotes":""},"categories":[3],"tags":[],"class_list":["post-2240","post","type-post","status-publish","format-standard","hentry","category-geschichten"],"_links":{"self":[{"href":"https:\/\/sajec.de\/blog\/wp-json\/wp\/v2\/posts\/2240","targetHints":{"allow":["GET"]}}],"collection":[{"href":"https:\/\/sajec.de\/blog\/wp-json\/wp\/v2\/posts"}],"about":[{"href":"https:\/\/sajec.de\/blog\/wp-json\/wp\/v2\/types\/post"}],"author":[{"embeddable":true,"href":"https:\/\/sajec.de\/blog\/wp-json\/wp\/v2\/users\/2"}],"replies":[{"embeddable":true,"href":"https:\/\/sajec.de\/blog\/wp-json\/wp\/v2\/comments?post=2240"}],"version-history":[{"count":3,"href":"https:\/\/sajec.de\/blog\/wp-json\/wp\/v2\/posts\/2240\/revisions"}],"predecessor-version":[{"id":2242,"href":"https:\/\/sajec.de\/blog\/wp-json\/wp\/v2\/posts\/2240\/revisions\/2242"}],"wp:attachment":[{"href":"https:\/\/sajec.de\/blog\/wp-json\/wp\/v2\/media?parent=2240"}],"wp:term":[{"taxonomy":"category","embeddable":true,"href":"https:\/\/sajec.de\/blog\/wp-json\/wp\/v2\/categories?post=2240"},{"taxonomy":"post_tag","embeddable":true,"href":"https:\/\/sajec.de\/blog\/wp-json\/wp\/v2\/tags?post=2240"}],"curies":[{"name":"wp","href":"https:\/\/api.w.org\/{rel}","templated":true}]}}