{"id":2611,"date":"2010-09-20T15:11:16","date_gmt":"2010-09-20T14:11:16","guid":{"rendered":"http:\/\/sajec.de\/blog\/?p=2611"},"modified":"2010-09-20T15:59:30","modified_gmt":"2010-09-20T14:59:30","slug":"badekappen-und-andere-montags-probleme","status":"publish","type":"post","link":"https:\/\/sajec.de\/blog\/badekappen-und-andere-montags-probleme\/","title":{"rendered":"Badekappen und andere Montags-Probleme"},"content":{"rendered":"<p>Dieser Montag ist \u00fcbel. Er geht auch irgendwie gar nicht vorbei, obwohl ich beschlossen hatte, ihn einfach zu \u00fcberspringen. Im Vormittags-B\u00fcro: dicke Luft. Chef knatschig, coworker knatschig bis depressiv bis w\u00fctend und ich urlaubsreif. Aber bis ich Urlaub bekomme, vergehen wohl noch \u00c4onen. Jedenfalls war die Stimmung sehr mies. Furchtbar mies. Die Schwerkraft dr\u00e4ngelte sich heute auch wieder in den Vordergrund und demonstrierte an allen Kugelschreibern, Akten, Lochern, Tackern und Fr\u00fchst\u00fccksbr\u00f6tchenecken ihre \u00dcberlegenheit als Naturgesetz. Im Nachmittagsb\u00fcro ist zwar die Stimmung besser, aber ich \u00e4rgere mich mit Urlaubshinterlassenschaften der Mitarbeiter herum und versuche, handschriftliches Chefgekrakel zu entziffern und daraus dann eine Rechnung zu kreiiren. An Tagen wie heute scheint man aber mit nichts so richtig voranzukommen.<\/p>\n<p>Dabei gehts mir eigentlich ganz gut: Kein Schnupfen, kein Husten, keine Ohrenschmerzen, auch der Kopf ist brav und der Anflug von Kater vom Sonntag ist auch Geschichte. Kein Grund f\u00fcr Tr\u00fcbsal &#8211; eigentlich &#8211; und trotzdem; ich w\u00fcnschte, dieser Montag w\u00fcrde endlich verschwinden. Als ich dann auch noch zur Kenntnis nehmen musste, dass heute keine deutsche SPN-time auf Pro7 mit gleichzeitigem Twitterrocking stattfinden wird, war der Montag noch eine Nuance \u00fcbler.<\/p>\n<p>Aber wenigstens bleibt mir das Aquaplansching heute und das Rewatching. F\u00fcr ersteres habe ich mich entschlossen, in Anbetracht des frisch gef\u00e4rbten <span style=\"text-decoration: line-through;\">Fells<\/span> Haare mir eine Badehaube zuzulegen,\u00a0 zumindest f\u00fcr das heutige Planschen mit Hanteln. Und da ich ein Kind des Internets bin, hab ich mich mal schon in der Badekappenwelt 2010 umgeschaut &#8211; und bin dabei bald vom Hocker gefallen. Es gibt keine h\u00fcbschen Badehauben! Schon gar keine witzigen oder modernen! Mir schwant, wenn ich so ein Ding aufsetze, altere ich spontan und schlagartig um mindestens 3 Jahrhunderte! Na, das kann ja was werden. Ich versuche es trotzdem direkt nach der Arbeit und werde von dem Ergebnis berichten.<\/p>\n<p>Und dann war da heute noch die Sache mit der BRAVO. *lach* Ja, verehrte Leser, ich hab es getan: Ich h\u00f6chstselbst habe mit totaler Ernsthaftigkeit eine BRAVO gekauft, demonstrativ auf das LIDL-Einkaufsband deponiert und aufs\u00e4ssig in die Menge geguckt. Klar, \u00e4u\u00dferlich bin ich kein Tee-Nager mehr, na und? Probleme? Ich kauf das Teil nur wegen dem Poster!<\/p>\n","protected":false},"excerpt":{"rendered":"<p>Dieser Montag ist \u00fcbel. Er geht auch irgendwie gar nicht vorbei, obwohl ich beschlossen hatte, ihn einfach zu \u00fcberspringen. Im Vormittags-B\u00fcro: dicke Luft. Chef knatschig, coworker knatschig bis depressiv bis w\u00fctend und ich urlaubsreif. Aber bis ich Urlaub bekomme, vergehen &hellip; <a href=\"https:\/\/sajec.de\/blog\/badekappen-und-andere-montags-probleme\/\">Weiterlesen <span class=\"meta-nav\">&rarr;<\/span><\/a><\/p>\n","protected":false},"author":2,"featured_media":0,"comment_status":"open","ping_status":"open","sticky":false,"template":"","format":"standard","meta":{"ngg_post_thumbnail":0,"footnotes":""},"categories":[1,8],"tags":[],"class_list":["post-2611","post","type-post","status-publish","format-standard","hentry","category-tagebuch","category-fit-for-van"],"_links":{"self":[{"href":"https:\/\/sajec.de\/blog\/wp-json\/wp\/v2\/posts\/2611","targetHints":{"allow":["GET"]}}],"collection":[{"href":"https:\/\/sajec.de\/blog\/wp-json\/wp\/v2\/posts"}],"about":[{"href":"https:\/\/sajec.de\/blog\/wp-json\/wp\/v2\/types\/post"}],"author":[{"embeddable":true,"href":"https:\/\/sajec.de\/blog\/wp-json\/wp\/v2\/users\/2"}],"replies":[{"embeddable":true,"href":"https:\/\/sajec.de\/blog\/wp-json\/wp\/v2\/comments?post=2611"}],"version-history":[{"count":9,"href":"https:\/\/sajec.de\/blog\/wp-json\/wp\/v2\/posts\/2611\/revisions"}],"predecessor-version":[{"id":2618,"href":"https:\/\/sajec.de\/blog\/wp-json\/wp\/v2\/posts\/2611\/revisions\/2618"}],"wp:attachment":[{"href":"https:\/\/sajec.de\/blog\/wp-json\/wp\/v2\/media?parent=2611"}],"wp:term":[{"taxonomy":"category","embeddable":true,"href":"https:\/\/sajec.de\/blog\/wp-json\/wp\/v2\/categories?post=2611"},{"taxonomy":"post_tag","embeddable":true,"href":"https:\/\/sajec.de\/blog\/wp-json\/wp\/v2\/tags?post=2611"}],"curies":[{"name":"wp","href":"https:\/\/api.w.org\/{rel}","templated":true}]}}