{"id":2621,"date":"2010-09-20T20:37:01","date_gmt":"2010-09-20T19:37:01","guid":{"rendered":"http:\/\/sajec.de\/blog\/?p=2621"},"modified":"2010-09-20T20:37:31","modified_gmt":"2010-09-20T19:37:31","slug":"badekappe-die-2","status":"publish","type":"post","link":"https:\/\/sajec.de\/blog\/badekappe-die-2\/","title":{"rendered":"Badekappe, die 2."},"content":{"rendered":"<p>Okay, ich habs versprochen, also tu ich es. Ich poste mich in Badekappe. Das wird das erste, das einzige und das letzte Bild sein, das mich mit diesem Ding zeigt. Weil: Ich setz es n\u00e4mlich nicht mehr auf. Aus Gr\u00fcnden.<\/p>\n<ul>\n<li>es ziept<\/li>\n<li>ich h\u00f6r nichts<\/li>\n<li>die Haare kreischen vor Entsetzen unter dem Teil<\/li>\n<li>ich seh damit noch bescheuerter aus, als sonst<\/li>\n<\/ul>\n<p>Nee, niemals mehr! Ich hab sie auch beim heutigen Aquaplansching flux wieder in der Badetasche verschwinden lassen, und so versucht, den Kopf mitsamt das, was ich Haare nenne, \u00fcber Wasser zu lassen und nicht so sehr zu spritzen. Damit d\u00fcrfte ich jetzt eigentlich 2&#215;45 Minuten Aquafitness auf das Fit for JiB-Konto schubsen, rein vom Anstrengungsgrad her gerechnet.<\/p>\n<p>And da ist das &#8230; \u00e4hm &#8230; Objekt samt werkarniggel (zart besaitete m\u00f6gen jetzt tapfer sein, vorsichtshalber noch einen J\u00e4germeister f\u00fcr den Schock bereit stellen und sich wappnen):<\/p>\n<p><a href=\"http:\/\/sajec.de\/blog\/wp-content\/uploads\/2010\/09\/badekappe.jpg\"><img loading=\"lazy\" decoding=\"async\" class=\"alignnone size-full wp-image-2622\" title=\"badekappe\" src=\"http:\/\/sajec.de\/blog\/wp-content\/uploads\/2010\/09\/badekappe.jpg\" alt=\"\" width=\"785\" height=\"621\" srcset=\"https:\/\/sajec.de\/blog\/wp-content\/uploads\/2010\/09\/badekappe.jpg 785w, https:\/\/sajec.de\/blog\/wp-content\/uploads\/2010\/09\/badekappe-300x237.jpg 300w, https:\/\/sajec.de\/blog\/wp-content\/uploads\/2010\/09\/badekappe-150x118.jpg 150w, https:\/\/sajec.de\/blog\/wp-content\/uploads\/2010\/09\/badekappe-400x316.jpg 400w\" sizes=\"auto, (max-width: 785px) 100vw, 785px\" \/><\/a><\/p>\n","protected":false},"excerpt":{"rendered":"<p>Okay, ich habs versprochen, also tu ich es. Ich poste mich in Badekappe. Das wird das erste, das einzige und das letzte Bild sein, das mich mit diesem Ding zeigt. Weil: Ich setz es n\u00e4mlich nicht mehr auf. Aus Gr\u00fcnden. &hellip; <a href=\"https:\/\/sajec.de\/blog\/badekappe-die-2\/\">Weiterlesen <span class=\"meta-nav\">&rarr;<\/span><\/a><\/p>\n","protected":false},"author":2,"featured_media":0,"comment_status":"open","ping_status":"open","sticky":false,"template":"","format":"standard","meta":{"ngg_post_thumbnail":0,"footnotes":""},"categories":[1,8],"tags":[],"class_list":["post-2621","post","type-post","status-publish","format-standard","hentry","category-tagebuch","category-fit-for-van"],"_links":{"self":[{"href":"https:\/\/sajec.de\/blog\/wp-json\/wp\/v2\/posts\/2621","targetHints":{"allow":["GET"]}}],"collection":[{"href":"https:\/\/sajec.de\/blog\/wp-json\/wp\/v2\/posts"}],"about":[{"href":"https:\/\/sajec.de\/blog\/wp-json\/wp\/v2\/types\/post"}],"author":[{"embeddable":true,"href":"https:\/\/sajec.de\/blog\/wp-json\/wp\/v2\/users\/2"}],"replies":[{"embeddable":true,"href":"https:\/\/sajec.de\/blog\/wp-json\/wp\/v2\/comments?post=2621"}],"version-history":[{"count":3,"href":"https:\/\/sajec.de\/blog\/wp-json\/wp\/v2\/posts\/2621\/revisions"}],"predecessor-version":[{"id":2625,"href":"https:\/\/sajec.de\/blog\/wp-json\/wp\/v2\/posts\/2621\/revisions\/2625"}],"wp:attachment":[{"href":"https:\/\/sajec.de\/blog\/wp-json\/wp\/v2\/media?parent=2621"}],"wp:term":[{"taxonomy":"category","embeddable":true,"href":"https:\/\/sajec.de\/blog\/wp-json\/wp\/v2\/categories?post=2621"},{"taxonomy":"post_tag","embeddable":true,"href":"https:\/\/sajec.de\/blog\/wp-json\/wp\/v2\/tags?post=2621"}],"curies":[{"name":"wp","href":"https:\/\/api.w.org\/{rel}","templated":true}]}}