{"id":2704,"date":"2010-09-25T10:44:57","date_gmt":"2010-09-25T09:44:57","guid":{"rendered":"http:\/\/sajec.de\/blog\/?p=2704"},"modified":"2010-09-25T10:44:57","modified_gmt":"2010-09-25T09:44:57","slug":"es-ist-getan","status":"publish","type":"post","link":"https:\/\/sajec.de\/blog\/es-ist-getan\/","title":{"rendered":"Es ist getan"},"content":{"rendered":"<p>Zum einen hatte ich gestern eine gro\u00dfartige <strong>supernatural season 6 premiere<\/strong> via Skype und Twitter. Ich konnte den Start kaum erwarten, und dann kam er immer n\u00e4her und endlich auch &#8230; ahhhh &#8230; DEAN. *seufz* Ich bin hin und her gerissen in mir, ich verstehe, dass er sauer ist, weil er der Letzte war, der erfuhr, dass Sammy bereits seit \u00fcber einem Jahr am Leben ist und allein jagt, um ihm &#8211; Dean &#8211; das apple-pie-life zu lassen. Und dann wiederum ist es einfach nicht supernatural, wenn die Br\u00fcder NICHT zusammen gegen das B\u00f6se k\u00e4mpfen. Hm &#8230; gut, es war die 1. Folge, da wird noch einiges auf uns zu kommen, einschlie\u00dflich Erkl\u00e4rung, wer nun Sam und Grandpa &#8230; und \u00fcberhaupt, was ist mit Cas und Crowley?<\/p>\n<p>Ich freu mich jedenflals riesig, dass es nun endlich wieder von vorn los geht, mit dem w\u00f6chentlichen Bangen, Hoffen, Spekulieren, Zittern, Beten und dem Vorfreude-Gef\u00fchlsachterbahn-Angst-Cocktail. Und ich will es nicht anders haben!<\/p>\n<p>Danke an der Stelle an alle M\u00e4delz (diesmal waren wir sogar eine internationale Gang on Skype) f\u00fcr diesen wundervollen gemeinsam ge-squeeten Staffel-Auftakt.<\/p>\n<p>Zum anderen (denn ich hab ja diesen Blog mit &#8222;zum einen&#8220; begonnen) &#8211; zum anderen bin ich gerade vom Joggen zur\u00fcck. Ich konnte einfach nicht mehr schlafen. Obwohl ich ja erst kurz nach 5 Uhr morgens ins Bett gekrochen bin, war ich um 9 bereits putzmunter, h\u00f6rte die Kr\u00e4hen kr\u00e4chzen, dachte \u00fcber Dean nach und versuchte mich selbst zu \u00fcberreden, liegen zu bleiben, weil ich fr\u00fch genug f\u00fcr einen Sonnabend mal wieder in&#8217;s B\u00fcro muss (die lieben updates!). Aber es nutzte nichts, ich war 9.30 Uhr immer noch munter und dann dachte ich so bei mir: Karniggel, dachte ich, wenn du schon wach bist, dann tu was N\u00fctzliches UND Gesundes und \u00e4rgere deinen inneren Schweinewuff &#8211; geh Joggen. And et voil\u00e1 (angeblich ist das so richtig geschrieben) bin ich gerade zur\u00fcck vom <strong>45 Minuten Joggen <\/strong>f\u00fcr das Fit for JiB Konto. Es f\u00fchlt sich gut an. M\u00f6ge der Sonnabend beginnen &#8230;.<\/p>\n","protected":false},"excerpt":{"rendered":"<p>Zum einen hatte ich gestern eine gro\u00dfartige supernatural season 6 premiere via Skype und Twitter. Ich konnte den Start kaum erwarten, und dann kam er immer n\u00e4her und endlich auch &#8230; ahhhh &#8230; DEAN. *seufz* Ich bin hin und her &hellip; <a href=\"https:\/\/sajec.de\/blog\/es-ist-getan\/\">Weiterlesen <span class=\"meta-nav\">&rarr;<\/span><\/a><\/p>\n","protected":false},"author":2,"featured_media":0,"comment_status":"open","ping_status":"open","sticky":false,"template":"","format":"standard","meta":{"ngg_post_thumbnail":0,"footnotes":""},"categories":[1,8,6],"tags":[],"class_list":["post-2704","post","type-post","status-publish","format-standard","hentry","category-tagebuch","category-fit-for-van","category-supernatural"],"_links":{"self":[{"href":"https:\/\/sajec.de\/blog\/wp-json\/wp\/v2\/posts\/2704","targetHints":{"allow":["GET"]}}],"collection":[{"href":"https:\/\/sajec.de\/blog\/wp-json\/wp\/v2\/posts"}],"about":[{"href":"https:\/\/sajec.de\/blog\/wp-json\/wp\/v2\/types\/post"}],"author":[{"embeddable":true,"href":"https:\/\/sajec.de\/blog\/wp-json\/wp\/v2\/users\/2"}],"replies":[{"embeddable":true,"href":"https:\/\/sajec.de\/blog\/wp-json\/wp\/v2\/comments?post=2704"}],"version-history":[{"count":2,"href":"https:\/\/sajec.de\/blog\/wp-json\/wp\/v2\/posts\/2704\/revisions"}],"predecessor-version":[{"id":2706,"href":"https:\/\/sajec.de\/blog\/wp-json\/wp\/v2\/posts\/2704\/revisions\/2706"}],"wp:attachment":[{"href":"https:\/\/sajec.de\/blog\/wp-json\/wp\/v2\/media?parent=2704"}],"wp:term":[{"taxonomy":"category","embeddable":true,"href":"https:\/\/sajec.de\/blog\/wp-json\/wp\/v2\/categories?post=2704"},{"taxonomy":"post_tag","embeddable":true,"href":"https:\/\/sajec.de\/blog\/wp-json\/wp\/v2\/tags?post=2704"}],"curies":[{"name":"wp","href":"https:\/\/api.w.org\/{rel}","templated":true}]}}