{"id":2739,"date":"2010-09-30T19:28:40","date_gmt":"2010-09-30T18:28:40","guid":{"rendered":"http:\/\/sajec.de\/blog\/?p=2739"},"modified":"2010-09-30T20:46:14","modified_gmt":"2010-09-30T19:46:14","slug":"stuttgart-21","status":"publish","type":"post","link":"https:\/\/sajec.de\/blog\/stuttgart-21\/","title":{"rendered":"Stuttgart 21"},"content":{"rendered":"<p>Eigentlich bin ich total unpolitisch. Nicht, dass es mich nicht interessieren w\u00fcrde, ich informiere mich auch \u00fcber die tagesaktuellen Themen, die mir so \u00fcber den Weg hopsen. Aber ich bin nicht gro\u00dfartig politisch eingestellt, ich mache meine Arbeit, kotze \u00fcber die Steuererkl\u00e4rung und verdr\u00e4nge den Albtraum \u00fcber eine Zukunft, in der ich m\u00f6glicherweise zu alt, zu krank und arbeitslos bin.<\/p>\n<p>Mehr oder weniger werde ich w\u00fctend, wenn ich Berichte \u00fcber die Hartz IV-Regelungen oder die geplanten Gesundheits- und Steuerreformen etc. lese. Nach der Wut kommt die Resignation und dann der Gedanke: &#8222;Ich kann das eh nicht \u00e4ndern. Irgendwie wird es schon weiter gehen!&#8220; Ich wei\u00df, das ist politisch nicht gerade erwachsen und selbstbestimmt. Bei Wahlen stehe ich regelm\u00e4\u00dfig vor dem selben Problem: Eigentlich trau ich keiner der etablierten Parteien \u00fcber den Weg, die ganz Braunen sind mir dabei besonders zuwider. So entscheide ich mich regelm\u00e4\u00dfig f\u00fcr das, was ich f\u00fcr das kleinere \u00dcbel halte.<\/p>\n<p>Seit Monaten brodelt es ja gerade in Stuttgart rund um das dortige Bahnprojekt. Zwischen Stuttgart und Bremerhaven liegen etwa 685 km. Es m\u00fcsste mich nicht weiter interessieren, ob und was f\u00fcr einen Bahnhof die dort hinsetzen wollen oder nicht. Als ich eines nachts eher zuf\u00e4llig im Radio auf eine Feature stie\u00df, das die Pro und Kontras des Projektes Stuttgart 21 n\u00e4her erl\u00e4uterte, verstand ich die Besorgnis und die \u00c4ngste der Gegner und f\u00fcr mich pers\u00f6nlich blieb die Frage offen, warum man entgegen des massiven Widerstandes Zehntausender an einem solchen gigantischen Projekt und mit den damit verbundenen Risiken festh\u00e4lt; wieso ein &#8222;normaler&#8220; Ausbau und Modernisierung des Bahnhofes nicht auch ausreicht. Die Milliarden, die man dabei sparen w\u00fcrde, k\u00f6nnten an anderer Stelle sicher sehr viel sinnvoller genutzt werden.<\/p>\n<p>Heute nun eskalierte die Situation in Stuttgart und fassungslos nahm ich die Bilder zur Kenntnis, wie Polizei gegen Demonstranten mit Wasserwerfern, Tr\u00e4nengas und Reizgas vorging. Deutschland ist ein demokratisches Land, in dem Meinungsfreiheit herrscht?! Dachte ich. Scheinbar gilt aber nach wie vor: <strong>Wenn du nicht einsiehst, dass deine Meinung nicht erw\u00fcnscht ist, zeigen wir dir eben, wer am l\u00e4ngeren Hebel des Wasserwerfers sitzt. <\/strong><\/p>\n","protected":false},"excerpt":{"rendered":"<p>Eigentlich bin ich total unpolitisch. Nicht, dass es mich nicht interessieren w\u00fcrde, ich informiere mich auch \u00fcber die tagesaktuellen Themen, die mir so \u00fcber den Weg hopsen. Aber ich bin nicht gro\u00dfartig politisch eingestellt, ich mache meine Arbeit, kotze \u00fcber &hellip; <a href=\"https:\/\/sajec.de\/blog\/stuttgart-21\/\">Weiterlesen <span class=\"meta-nav\">&rarr;<\/span><\/a><\/p>\n","protected":false},"author":2,"featured_media":0,"comment_status":"open","ping_status":"open","sticky":false,"template":"","format":"standard","meta":{"ngg_post_thumbnail":0,"footnotes":""},"categories":[1],"tags":[],"class_list":["post-2739","post","type-post","status-publish","format-standard","hentry","category-tagebuch"],"_links":{"self":[{"href":"https:\/\/sajec.de\/blog\/wp-json\/wp\/v2\/posts\/2739","targetHints":{"allow":["GET"]}}],"collection":[{"href":"https:\/\/sajec.de\/blog\/wp-json\/wp\/v2\/posts"}],"about":[{"href":"https:\/\/sajec.de\/blog\/wp-json\/wp\/v2\/types\/post"}],"author":[{"embeddable":true,"href":"https:\/\/sajec.de\/blog\/wp-json\/wp\/v2\/users\/2"}],"replies":[{"embeddable":true,"href":"https:\/\/sajec.de\/blog\/wp-json\/wp\/v2\/comments?post=2739"}],"version-history":[{"count":6,"href":"https:\/\/sajec.de\/blog\/wp-json\/wp\/v2\/posts\/2739\/revisions"}],"predecessor-version":[{"id":2745,"href":"https:\/\/sajec.de\/blog\/wp-json\/wp\/v2\/posts\/2739\/revisions\/2745"}],"wp:attachment":[{"href":"https:\/\/sajec.de\/blog\/wp-json\/wp\/v2\/media?parent=2739"}],"wp:term":[{"taxonomy":"category","embeddable":true,"href":"https:\/\/sajec.de\/blog\/wp-json\/wp\/v2\/categories?post=2739"},{"taxonomy":"post_tag","embeddable":true,"href":"https:\/\/sajec.de\/blog\/wp-json\/wp\/v2\/tags?post=2739"}],"curies":[{"name":"wp","href":"https:\/\/api.w.org\/{rel}","templated":true}]}}