{"id":296,"date":"2010-02-05T23:10:07","date_gmt":"2010-02-05T22:10:07","guid":{"rendered":"http:\/\/sajec.de\/blog\/?p=296"},"modified":"2010-02-05T23:11:52","modified_gmt":"2010-02-05T22:11:52","slug":"duschwannenyoga","status":"publish","type":"post","link":"https:\/\/sajec.de\/blog\/duschwannenyoga\/","title":{"rendered":"Duschwannenyoga"},"content":{"rendered":"<p>Ich vermisse meine Badewanne. Ich vermisse sie bereits seit fast 10 Jahren, in denen wir nur eine Dusche unser Eigen nennen. Ich dusche auch gern, durchaus regelm\u00e4\u00dfig und ausdauernd, keine Frage, aber an manchen Tagen w\u00fcrde ich eben gern wieder baden. <!--more--> Richtig romantisch, mit duftendem Blubberblasenschaumberg, Kerzen am Badewannenrand, Wein, Musik oder einem Buch konnte ich durchaus Stunden badend verbringen. Der Verschrumpelungsgrad meiner Haut war danach mindestens zweistellig, mir aber v\u00f6llig egal.<\/p>\n<p>Meistens balancierte auch eine unserer Katzen auf dem Badewannenrand herum, tatzte nach den Seifenblasen und maunzte ihrem badenden Dosen\u00f6ffner ihr Unverst\u00e4ndnis entgegen, wie dieser sich freiwillig stundenlang sein komisches Fell w\u00e4ssern und dabei auch noch vor Vergn\u00fcgen laut und (zugegeben) falsch singen kann.<\/p>\n<p>Aber das sind nur noch Erinnerungen, da wir seit unserem Umzug 2000 Badewannen-los sind.<\/p>\n<p>Nun kommen der Mensch im Allgemeinen und werkarniggels im Speziellen manchmal auf sehr merkw\u00fcrdige Ideen. Warum also nicht versuchen, in der Duschwanne ein Bad zu nehmen? Das muss doch gehen! Wo ein Wille \u2026. ihr kennt den Spruch sicherlich.<\/p>\n<p>Ich verst\u00f6pselte den Abfluss, schmiss die Dusche an, sch\u00fcttete eine Ladung Badeseifenlauge in die Duschwanne, quetschte mich selbst in R\u00fcckenlage in die viereckige Sch\u00fcssel, die Beine nach oben. Das Wasser prasselte auf mich herab und tropfte mir in die Nase. Geht gar nicht! \u201eBequem\u201c hatte ich anders in Erinnerung. Auch das Halten eines Buches in dieser Stellung gestaltete sich schwieriger als erwartet. Gem\u00fctliches Lesen in der Dusche musste also auch als unpraktikabel gestrichen werden.<\/p>\n<p>Die Katze glotzte durch die durchsichtigen Duschabtrennscheiben und kicherte. Nach 5 Minuten tat mir der R\u00fccken weh. Der Duschwannenabflussverschlussst\u00f6psel piekste sich gemeiner Weise in den Nacken. Au\u00dferdem fror ich erb\u00e4rmlich. An Kerzen und Rotwein war in dieser Lage nat\u00fcrlich gar nicht zu denken. Mittlerweile waren meine hochgestellten Beine scheinbar blutleer und fingen an zu kribbeln. Aber wohin mit den Dingern? Also: Duschwand auf und Beine raus. Um das Badezimmer nicht g\u00e4nzlich unter Wasser zu setzen, hangelte ich mich \u00e4chzend zum Wasserhebel und stellte den Duschregen ab. Jetzt fror ich noch mehr, hatte aber keine Zeit, mit den Z\u00e4hnen zu klappern, da Kater Klecks nun die Chance ergriff, mein Duschwannenbadeversuchsyoga n\u00e4her in Katzenaugenschein zu nehmen. Unter schamloser Ausnutzung meiner derzeitigen Unbeweglichkeit trampelte er v\u00f6llig unbeteiligt und r\u00fccksichtslos auf mir herum. Ich bef\u00f6rderte den kichernden Kater von mir herunter und schmiss ihn aus der Dusche. Er beschwerte sich lautstark und beobachtete fies grinsend meine weiteren Selbst-Befreiungsversuche.<\/p>\n<p>Beim Katzenrauswurf hatte sich offensichtlich die Massageb\u00fcrste von ihrem Haken gel\u00f6st und ich  entging nur knapp dem B\u00fcrstenattentat von oben, indem ich mich beherzt im letzten Moment und mit Schwung auf die Knie bef\u00f6rderte.<\/p>\n<p>Da hockte ich nun auf allen Vieren in der Dusche. Zu den selbst fabrizierten R\u00fcckenschmerzen w\u00fcrden nun auch noch Knieschmerzen kommen. Na klasse. Au\u00dferdem r\u00e4chte sich jetzt die allzu gro\u00dfz\u00fcgige Verwendung von Badeschaumzusatz \u2013 die bl\u00f6de Duschwanne war rutschig und glitschig und meine Versuche, auf die Beine zu kommen, scheiterten immer wieder erb\u00e4rmlich. Wenn ich mir nicht s\u00e4mtliche Knochen brechen wollte, musste ich anders aus dem Duschh\u00f6llenloch herausfinden, und so kroch ich schildkr\u00f6tenartig auf die Badezimmerfliesen, wo ich keuchend und total geschafft meine bl\u00f6de Idee verfluchte, in der Duschwanne zu baden.<\/p>\n<p>Versucht also niemals \u2013 unter keinen Umst\u00e4nden! \u2013 in einer Dusche baden zu wollen! Vergesst es!<\/p>\n<p>&#8212;&#8212;&#8212;&#8212;-<\/p>\n<p>(Das war urspr\u00fcnglich ein Twitlonger, zuf\u00e4llig wieder gefunden und doch irgendwie auch ein Blog-Eintrag)<\/p>\n","protected":false},"excerpt":{"rendered":"<p>Ich vermisse meine Badewanne. Ich vermisse sie bereits seit fast 10 Jahren, in denen wir nur eine Dusche unser Eigen nennen. Ich dusche auch gern, durchaus regelm\u00e4\u00dfig und ausdauernd, keine Frage, aber an manchen Tagen w\u00fcrde ich eben gern wieder &hellip; <a href=\"https:\/\/sajec.de\/blog\/duschwannenyoga\/\">Weiterlesen <span class=\"meta-nav\">&rarr;<\/span><\/a><\/p>\n","protected":false},"author":2,"featured_media":0,"comment_status":"open","ping_status":"open","sticky":false,"template":"","format":"standard","meta":{"ngg_post_thumbnail":0,"footnotes":""},"categories":[1],"tags":[],"class_list":["post-296","post","type-post","status-publish","format-standard","hentry","category-tagebuch"],"_links":{"self":[{"href":"https:\/\/sajec.de\/blog\/wp-json\/wp\/v2\/posts\/296","targetHints":{"allow":["GET"]}}],"collection":[{"href":"https:\/\/sajec.de\/blog\/wp-json\/wp\/v2\/posts"}],"about":[{"href":"https:\/\/sajec.de\/blog\/wp-json\/wp\/v2\/types\/post"}],"author":[{"embeddable":true,"href":"https:\/\/sajec.de\/blog\/wp-json\/wp\/v2\/users\/2"}],"replies":[{"embeddable":true,"href":"https:\/\/sajec.de\/blog\/wp-json\/wp\/v2\/comments?post=296"}],"version-history":[{"count":3,"href":"https:\/\/sajec.de\/blog\/wp-json\/wp\/v2\/posts\/296\/revisions"}],"predecessor-version":[{"id":298,"href":"https:\/\/sajec.de\/blog\/wp-json\/wp\/v2\/posts\/296\/revisions\/298"}],"wp:attachment":[{"href":"https:\/\/sajec.de\/blog\/wp-json\/wp\/v2\/media?parent=296"}],"wp:term":[{"taxonomy":"category","embeddable":true,"href":"https:\/\/sajec.de\/blog\/wp-json\/wp\/v2\/categories?post=296"},{"taxonomy":"post_tag","embeddable":true,"href":"https:\/\/sajec.de\/blog\/wp-json\/wp\/v2\/tags?post=296"}],"curies":[{"name":"wp","href":"https:\/\/api.w.org\/{rel}","templated":true}]}}