{"id":3094,"date":"2010-11-27T09:26:21","date_gmt":"2010-11-27T08:26:21","guid":{"rendered":"http:\/\/sajec.de\/blog\/?p=3094"},"modified":"2010-11-27T09:34:07","modified_gmt":"2010-11-27T08:34:07","slug":"die-weihnachtspyramide","status":"publish","type":"post","link":"https:\/\/sajec.de\/blog\/die-weihnachtspyramide\/","title":{"rendered":"Die Weihnachtspyramide"},"content":{"rendered":"<p>Als Kind habe ich gern Weihnachten gefeiert. Auch wenn mein Vater meinen j\u00fcngeren Bruder und mich als Atheisten erzog, waren die Weihnachtsfeste immer etwas besonderes. Vielleicht waren sie nie so werbeartig perfekt, aber es waren Weihnachten &#8211; mit Kerzen, Heimlichkeiten, Pl\u00e4tzchenduft und einem Weihnachtsbaum, der jedes Jahr der sch\u00f6nste war, den wir je hatten, auch wenn Papa manchmal noch ein paar zus\u00e4tzliche \u00c4ste an den Baum klebte, damit er nicht so kahl aussah.<\/p>\n<p>Jahre sp\u00e4ter &#8211; meine Tochter wurde damals gerade 1 Jahr alt &#8211; trafen mein Mann und ich auf besondere Menschen, die uns faszinierten, die Antworten auf unsere Fragen gaben und die von sich selbst behaupteten, die Wahrheit zu besitzen. Wir wollten gern glauben und sicher sein, dass es doch einen Gott gab, der unserem Leben eine besondere Bedeutung geben und es mit Sinn f\u00fcllen w\u00fcrde. Wir lernten, dass Weihnachten ein heidnisches Fest ist &#8211; und bald feierten wir es nicht mehr, um dem gerade erst neu entdeckten Gott zu gefallen. 6 Jahre lang brannten bei uns keine Adventskerzen, gab es bei uns keinen Weihnachtsbaum, keine Weihnachtslieder, keine Geschenke, keine festliche Stimmung, keinen Weihnachtsmarkt &#8211; Weihnachten fand nur noch \u201cdrau\u00dfen\u201d statt.<\/p>\n<p>Irgendwann aber wachten wir auf, entdeckten unsere Fragen wieder, unsere Neugier, und erkannten langsam die Wahrheit hinter der Wahrheit.<\/p>\n<p>Es dauerte noch einmal 2 Jahre, in denen wir uns zwar k\u00f6rperlich von der Sekte gel\u00f6st hatten, aber es noch immer nicht wagten, Weihnachten fr\u00f6hlich zu feiern. Immer noch hatten wir das beklemmende Gef\u00fchl, etwas Verbotenes zu tun.<\/p>\n<p>In der Weihnachtszeit 1999 dann brachte mein Mann eine schlichte Holzpyramide mit nach hause. Wir steckten die Fl\u00fcgelbl\u00e4tter daran und z\u00fcndeten die Kerzen an. Sie begann sich langsam zu drehen und wir wurden eingeh\u00fcllt von dem Kerzenschimmer und schauten eine Stunde lang zu, wie sie sich drehte. Und obwohl es nur eine kleine Pyramide aus Holz und der einzige weihnachtliche Schmuck im Haus war, war sie es, die den Dezember-Tagen 1999 den weihnachtlichen Glanz verlieh.<\/p>\n<p>Ich nahm meine Tochter in den Arm und weinte; weinte um die verlorenen Jahre, an denen Weihnachten doch etwas besonderes sein sollte und die unwiederbringlich verloren waren. \u201cWein doch nicht, Mama, ab jetzt machen wir uns jedes Jahr unser besonderes Weihnachten\u201d tr\u00f6stete die damals 9-J\u00e4hrige mich.<\/p>\n<p>Unsere erste Holzpyramide geh\u00f6rt seitdem zu jedem Weihnachtsfest.<\/p>\n<p>(geschrieben Dez. 2008)<\/p>\n","protected":false},"excerpt":{"rendered":"<p>Als Kind habe ich gern Weihnachten gefeiert. Auch wenn mein Vater meinen j\u00fcngeren Bruder und mich als Atheisten erzog, waren die Weihnachtsfeste immer etwas besonderes. Vielleicht waren sie nie so werbeartig perfekt, aber es waren Weihnachten &#8211; mit Kerzen, Heimlichkeiten, &hellip; <a href=\"https:\/\/sajec.de\/blog\/die-weihnachtspyramide\/\">Weiterlesen <span class=\"meta-nav\">&rarr;<\/span><\/a><\/p>\n","protected":false},"author":2,"featured_media":0,"comment_status":"open","ping_status":"open","sticky":false,"template":"","format":"standard","meta":{"ngg_post_thumbnail":0,"footnotes":""},"categories":[3],"tags":[],"class_list":["post-3094","post","type-post","status-publish","format-standard","hentry","category-geschichten"],"_links":{"self":[{"href":"https:\/\/sajec.de\/blog\/wp-json\/wp\/v2\/posts\/3094","targetHints":{"allow":["GET"]}}],"collection":[{"href":"https:\/\/sajec.de\/blog\/wp-json\/wp\/v2\/posts"}],"about":[{"href":"https:\/\/sajec.de\/blog\/wp-json\/wp\/v2\/types\/post"}],"author":[{"embeddable":true,"href":"https:\/\/sajec.de\/blog\/wp-json\/wp\/v2\/users\/2"}],"replies":[{"embeddable":true,"href":"https:\/\/sajec.de\/blog\/wp-json\/wp\/v2\/comments?post=3094"}],"version-history":[{"count":4,"href":"https:\/\/sajec.de\/blog\/wp-json\/wp\/v2\/posts\/3094\/revisions"}],"predecessor-version":[{"id":3098,"href":"https:\/\/sajec.de\/blog\/wp-json\/wp\/v2\/posts\/3094\/revisions\/3098"}],"wp:attachment":[{"href":"https:\/\/sajec.de\/blog\/wp-json\/wp\/v2\/media?parent=3094"}],"wp:term":[{"taxonomy":"category","embeddable":true,"href":"https:\/\/sajec.de\/blog\/wp-json\/wp\/v2\/categories?post=3094"},{"taxonomy":"post_tag","embeddable":true,"href":"https:\/\/sajec.de\/blog\/wp-json\/wp\/v2\/tags?post=3094"}],"curies":[{"name":"wp","href":"https:\/\/api.w.org\/{rel}","templated":true}]}}