{"id":3238,"date":"2010-12-25T16:56:09","date_gmt":"2010-12-25T15:56:09","guid":{"rendered":"http:\/\/sajec.de\/blog\/?p=3238"},"modified":"2010-12-25T17:00:17","modified_gmt":"2010-12-25T16:00:17","slug":"das-rote-fahrrad","status":"publish","type":"post","link":"https:\/\/sajec.de\/blog\/das-rote-fahrrad\/","title":{"rendered":"Das Rote Fahrrad"},"content":{"rendered":"<p>Es war Weihnachten. Wie jedes Jahr hatten mein kleinerer Bruder und ich die Stunden vor der Bescherung im Zimmer unseres gro\u00dfen Bruders ein Stockwerk h\u00f6her verbracht. Er spielte uns Musik vor und seine selbstgebastelte Lichtershow warf rote, blaue, gelbe und gr\u00fcne Lichtfarbkleckse an die W\u00e4nde. Dazu spielten die Puhdys und Karat \u2013 angesagte Bands damals, so um 1979 in der DDR.<\/p>\n<p>Mein kleiner Bruder quengelte manchmal, er war neugierig und hin und her gerissen, ob er noch an die Weihnachtsmannstory glauben sollte, die uns unser Vater immer auftischte. Immer war der Weihnachtsmann gerade eben weg, wenn wir wieder nach unten in die Wohnstube gerufen wurden. Angestrengt lauschte mein Bruder in das Treppenhaus, ob er nicht etwas h\u00f6ren w\u00fcrde, was die Ankunft des Weihnachtsmannes verraten w\u00fcrde.<\/p>\n<p>Endlich war es soweit, Vater klopfte an die Zimmert\u00fcr und l\u00e4chelte. \u201eOh, ihr habt schon wieder den Weihnachtsmann verpasst!\u201c<\/p>\n<p>Wir st\u00fcrmten in das Wohnzimmer \u2013 und da stand es an die Schrankwand gelehnt: Das rote Fahrrad! Mein rotes Fahrrad! Ich war ganz aus dem H\u00e4uschen und h\u00e4tte es am liebsten sofort ausprobiert. Wir schoben das Fahrrad in den gro\u00dfen langen Flur und Vater und mein \u00e4lterer Bruder stellten Sattel und Lenkrad auf meine Gr\u00f6\u00dfe ein. Gleich morgen nach dem Fr\u00fchst\u00fcck w\u00fcrde ich fahren k\u00f6nnen, versprach mir mein Vater. Den Rest des Abends verbrachten wir gemeinsam im Wohnzimmer, Kerzen und R\u00e4ucherm\u00e4nnchen waren an, die Weihnachtspyramide drehte sich, der Fernseher lief und zu Naschen gab es Schokolade und Kekse, und die teure Orangen-Perle, die es f\u00fcr uns Kinder nur an Festtagen zu trinken gab.<\/p>\n<p>Der 1. Weihnachtsfeiertag war klirrend kalt, aber es hatte nicht wieder geschneit. Ich konnte es kaum erwarten, mein neues rotes Fahrrad auszuprobieren. Vater trug es durch das Treppenhaus nach unten und ich h\u00fcpfte aufgeregt nebenher. \u201eAber in einer Stunde bist du wieder zur\u00fcck, dann gibt es Mittag!\u201c ermahnte mich Vater und ich versprach alles, st\u00fclpte die Handschuhe \u00fcber und hui \u2026 los ging es, durch die Stra\u00dfen und Gassen meines Heimatdorfes. Stolz wie sonst nichts, denn das war ja kein Kinderfahrrad, nein, dass war ein richtig gro\u00dfes Fahrrad, in Rot und es geh\u00f6rte von nun an mir. Es machte auch nichts, dass meine F\u00fc\u00dfe noch nicht auf den Boden reichten, wenn ich auf dem Sattel sa\u00df und ich, wann immer ich anzuhalten gedachte, einen kleinen Hoppser machen musste. In meiner Fantasie verwandelte es sich bald in ein schnelles Pferd und ich nannte es Karino.<\/p>\n<p>So fuhr ich etwa eine \u00be Stunde durch den klirrend kalten Weihnachtsmorgen.<\/p>\n<p>Und dann gab es ein f\u00fcrchterliches knirschendes Ger\u00e4usch, und der Vorderreifen war platt. Eine Eispf\u00fctze hatte den Reifen besch\u00e4digt. Weinend schob ich das Fahrrad die letzten Meter nach Hause. Was w\u00fcrde wohl Vater sagen? Ich hatte versprochen, es immer gut zu pflegen und sorgsam zu behandeln und nun war es gleich auf der ersten Fahrt kaputt gegangen.<\/p>\n<p>Vater erwartete mich bereits im Hauseingang und ich weinte noch mehr. \u201eHey, was ist denn passiert?\u201c begr\u00fc\u00dfte er mich und hockte sich zu mir hinunter, um sich den Schaden zu betrachten. Ich stotterte und schluchzte nur, dass ich das nicht gewollt hatte und dass es einfach passiert ist. Vater zog eines seiner gro\u00dfen Taschent\u00fccher aus der Hose und wischte mir damit die Tr\u00e4nen ab. \u201eIst schon gut, das bringen wir wieder in Ordnung. Ist halb so schlimm. Morgen funktioniert es wieder!\u201c Den Nachmittag verbrachte ich bei meinem Vater in seiner kleinen Kellerwerkstatt. Er zeigte mir, wie man das Loch im Schlauch findet und flickte den Reifen. Das alte Kellerradio spielte Weihnachtsmusik und ich schaute ihm zu. Ich hatte meinen Vater unendlich lieb. Er wu\u00dfte einfach immer, was zu tun war.<\/p>\n","protected":false},"excerpt":{"rendered":"<p>Es war Weihnachten. Wie jedes Jahr hatten mein kleinerer Bruder und ich die Stunden vor der Bescherung im Zimmer unseres gro\u00dfen Bruders ein Stockwerk h\u00f6her verbracht. Er spielte uns Musik vor und seine selbstgebastelte Lichtershow warf rote, blaue, gelbe und &hellip; <a href=\"https:\/\/sajec.de\/blog\/das-rote-fahrrad\/\">Weiterlesen <span class=\"meta-nav\">&rarr;<\/span><\/a><\/p>\n","protected":false},"author":2,"featured_media":0,"comment_status":"open","ping_status":"open","sticky":false,"template":"","format":"standard","meta":{"ngg_post_thumbnail":0,"footnotes":""},"categories":[13],"tags":[],"class_list":["post-3238","post","type-post","status-publish","format-standard","hentry","category-scherbenglanz"],"_links":{"self":[{"href":"https:\/\/sajec.de\/blog\/wp-json\/wp\/v2\/posts\/3238","targetHints":{"allow":["GET"]}}],"collection":[{"href":"https:\/\/sajec.de\/blog\/wp-json\/wp\/v2\/posts"}],"about":[{"href":"https:\/\/sajec.de\/blog\/wp-json\/wp\/v2\/types\/post"}],"author":[{"embeddable":true,"href":"https:\/\/sajec.de\/blog\/wp-json\/wp\/v2\/users\/2"}],"replies":[{"embeddable":true,"href":"https:\/\/sajec.de\/blog\/wp-json\/wp\/v2\/comments?post=3238"}],"version-history":[{"count":4,"href":"https:\/\/sajec.de\/blog\/wp-json\/wp\/v2\/posts\/3238\/revisions"}],"predecessor-version":[{"id":3240,"href":"https:\/\/sajec.de\/blog\/wp-json\/wp\/v2\/posts\/3238\/revisions\/3240"}],"wp:attachment":[{"href":"https:\/\/sajec.de\/blog\/wp-json\/wp\/v2\/media?parent=3238"}],"wp:term":[{"taxonomy":"category","embeddable":true,"href":"https:\/\/sajec.de\/blog\/wp-json\/wp\/v2\/categories?post=3238"},{"taxonomy":"post_tag","embeddable":true,"href":"https:\/\/sajec.de\/blog\/wp-json\/wp\/v2\/tags?post=3238"}],"curies":[{"name":"wp","href":"https:\/\/api.w.org\/{rel}","templated":true}]}}