{"id":3764,"date":"2011-02-15T05:04:53","date_gmt":"2011-02-15T04:04:53","guid":{"rendered":"http:\/\/sajec.de\/blog\/?p=3764"},"modified":"2011-02-15T05:06:16","modified_gmt":"2011-02-15T04:06:16","slug":"mitten-in-der-nacht","status":"publish","type":"post","link":"https:\/\/sajec.de\/blog\/mitten-in-der-nacht\/","title":{"rendered":"Mitten in der Nacht"},"content":{"rendered":"<p>&#8230; aufgewacht. Lange vor dem Wecker-Rasseln. Wobei ich ja gar keinen rasselnden Wecker habe. Schon seit Jahren weckt mich das Radio. Aber heute nicht, heute bin ich gut 2 Stunden vor dem offiziellen Starttermin wach &#8211; und auch wirklich munter. Nicht schl\u00e4frig und ver\u00e4rgert, dass ich nicht mehr schlafen kann, sondern voller Tatendrang, als h\u00e4tte ich schon viel zu lange geschlafen. Das Sch\u00f6ne: Ich erinnere mich an jedes Detail der letzten beiden Tr\u00e4ume. Einer davon ist eigentlich eine Scherbenglanzgeschichte, und wegen der bin ich dann auch aufgestanden, denn sie muss geschrieben werden. Den anderen, kleineren Traum, habe ich schon vertwittert.<\/p>\n<p style=\"padding-left: 30px;\">I dreamed of @jumblejim I don&#8217;t know why, just dreaming. In my dream I was in a garden, crying about a dead flower and my tears didn&#8217;t fall at ground but they flew in the sky and became stars. Jim came to me and looked to the flying tears and at the dead flower and I wanted to run away because I was shy and I didn&#8217;t want him to see my tears. Then Jim smiled, set to me on the ground and took my hand. He didn&#8217;t speak one word. Weird dream, but nice. I like it.<\/p>\n<p>Der Scherbenglanz ben\u00f6tigt mehr Feinschliff, gew\u00e4hlte Worte, die die funkelnde Farben der Erinnerungen und die Mosaiksteinchen wie Puzzelst\u00fcckchen an den rechten Fleck setzen, so dass sie ein Bild ergeben, ein Bild aus der Vergangenheit, das ich lange vergessen glaubte; und das dann wie Scherbenglanz leuchtet.<\/p>\n","protected":false},"excerpt":{"rendered":"<p>&#8230; aufgewacht. Lange vor dem Wecker-Rasseln. Wobei ich ja gar keinen rasselnden Wecker habe. Schon seit Jahren weckt mich das Radio. Aber heute nicht, heute bin ich gut 2 Stunden vor dem offiziellen Starttermin wach &#8211; und auch wirklich munter. &hellip; <a href=\"https:\/\/sajec.de\/blog\/mitten-in-der-nacht\/\">Weiterlesen <span class=\"meta-nav\">&rarr;<\/span><\/a><\/p>\n","protected":false},"author":2,"featured_media":0,"comment_status":"open","ping_status":"open","sticky":false,"template":"","format":"standard","meta":{"ngg_post_thumbnail":0,"footnotes":""},"categories":[1,13,7],"tags":[],"class_list":["post-3764","post","type-post","status-publish","format-standard","hentry","category-tagebuch","category-scherbenglanz","category-traumsequenzen"],"_links":{"self":[{"href":"https:\/\/sajec.de\/blog\/wp-json\/wp\/v2\/posts\/3764","targetHints":{"allow":["GET"]}}],"collection":[{"href":"https:\/\/sajec.de\/blog\/wp-json\/wp\/v2\/posts"}],"about":[{"href":"https:\/\/sajec.de\/blog\/wp-json\/wp\/v2\/types\/post"}],"author":[{"embeddable":true,"href":"https:\/\/sajec.de\/blog\/wp-json\/wp\/v2\/users\/2"}],"replies":[{"embeddable":true,"href":"https:\/\/sajec.de\/blog\/wp-json\/wp\/v2\/comments?post=3764"}],"version-history":[{"count":3,"href":"https:\/\/sajec.de\/blog\/wp-json\/wp\/v2\/posts\/3764\/revisions"}],"predecessor-version":[{"id":3766,"href":"https:\/\/sajec.de\/blog\/wp-json\/wp\/v2\/posts\/3764\/revisions\/3766"}],"wp:attachment":[{"href":"https:\/\/sajec.de\/blog\/wp-json\/wp\/v2\/media?parent=3764"}],"wp:term":[{"taxonomy":"category","embeddable":true,"href":"https:\/\/sajec.de\/blog\/wp-json\/wp\/v2\/categories?post=3764"},{"taxonomy":"post_tag","embeddable":true,"href":"https:\/\/sajec.de\/blog\/wp-json\/wp\/v2\/tags?post=3764"}],"curies":[{"name":"wp","href":"https:\/\/api.w.org\/{rel}","templated":true}]}}