{"id":3774,"date":"2011-02-22T14:08:36","date_gmt":"2011-02-22T13:08:36","guid":{"rendered":"http:\/\/sajec.de\/blog\/?p=3774"},"modified":"2011-02-22T14:09:51","modified_gmt":"2011-02-22T13:09:51","slug":"liebes-blog","status":"publish","type":"post","link":"https:\/\/sajec.de\/blog\/liebes-blog\/","title":{"rendered":"Liebes Blog,"},"content":{"rendered":"<p>die Tage sind vollgepackt mit Arbeit, so dass ich dich str\u00e4flichst vernachl\u00e4ssige. Nicht nur dich, sondern auch Feunde und Haushalt und \u00fcberhaupt &#8211; ich bin schon wieder <strong>urlaubsreif<\/strong>.<\/p>\n<p>Aber ich habe ja bald Urlaub &#8211; da bei\u00dft die Maus auch nicht ins K\u00e4sebrot! &#8211; ROM r\u00fcckt n\u00e4her, <strong>JiB<\/strong>. #<strong>GREEN <\/strong>live und in Farbe. Diese Aussicht l\u00e4sst mich funktionieren, durchhalten. Ohrenschmerzen, Schnupfen und Zahnweh kann ich mir nicht leisten; ich habe schlicht keine Zeit f\u00fcr den Krempel, also ignoriere ich sie, so gut es geht. Dem neuen <strong>Mazda <\/strong>geht es pr\u00e4chtig und langsam lerne ich auch, dass Mazda anders als AUDI im 3. Gang gern durch Kurven fahren will.<\/p>\n<p>Gerade genie\u00dfe ich die Stille im B\u00fcro. Ich bin allein, gleich ist meine Pause zu Ende und dann muss ich zur\u00fcck an die Aktenfront. &#8222;D\u00fcbbe &#8211; d\u00fcbbe- d\u00fcbbe!&#8220; wie Chef zu sagen pflegt. Alles in allem: Alltag drau\u00dfen und im B\u00fcro. Heute morgen &#8211; 18 \u00b0C! Die spinnen wohl? Ich hab den Winter jetzt satt, es darf <strong>Fr\u00fchling <\/strong>werden, mehr <span style=\"color: #005c00;\"><strong>GR\u00dcN <\/strong><\/span>(ich finde GR\u00dcN total genial!).<\/p>\n<p>Am Freitag bzw. Samstag Nacht st\u00fcrzen wir uns auf die Parallel-Universums-Folge von #<strong>supernatural<\/strong>. YAY! Ich habe Ausschnitte gesehen (wer nicht?!) und kann es kaum erwarten. Sie wird gro\u00dfartig werden!<\/p>\n","protected":false},"excerpt":{"rendered":"<p>die Tage sind vollgepackt mit Arbeit, so dass ich dich str\u00e4flichst vernachl\u00e4ssige. Nicht nur dich, sondern auch Feunde und Haushalt und \u00fcberhaupt &#8211; ich bin schon wieder urlaubsreif. Aber ich habe ja bald Urlaub &#8211; da bei\u00dft die Maus auch &hellip; <a href=\"https:\/\/sajec.de\/blog\/liebes-blog\/\">Weiterlesen <span class=\"meta-nav\">&rarr;<\/span><\/a><\/p>\n","protected":false},"author":2,"featured_media":0,"comment_status":"open","ping_status":"open","sticky":false,"template":"","format":"standard","meta":{"ngg_post_thumbnail":0,"footnotes":""},"categories":[1,6],"tags":[],"class_list":["post-3774","post","type-post","status-publish","format-standard","hentry","category-tagebuch","category-supernatural"],"_links":{"self":[{"href":"https:\/\/sajec.de\/blog\/wp-json\/wp\/v2\/posts\/3774","targetHints":{"allow":["GET"]}}],"collection":[{"href":"https:\/\/sajec.de\/blog\/wp-json\/wp\/v2\/posts"}],"about":[{"href":"https:\/\/sajec.de\/blog\/wp-json\/wp\/v2\/types\/post"}],"author":[{"embeddable":true,"href":"https:\/\/sajec.de\/blog\/wp-json\/wp\/v2\/users\/2"}],"replies":[{"embeddable":true,"href":"https:\/\/sajec.de\/blog\/wp-json\/wp\/v2\/comments?post=3774"}],"version-history":[{"count":2,"href":"https:\/\/sajec.de\/blog\/wp-json\/wp\/v2\/posts\/3774\/revisions"}],"predecessor-version":[{"id":3776,"href":"https:\/\/sajec.de\/blog\/wp-json\/wp\/v2\/posts\/3774\/revisions\/3776"}],"wp:attachment":[{"href":"https:\/\/sajec.de\/blog\/wp-json\/wp\/v2\/media?parent=3774"}],"wp:term":[{"taxonomy":"category","embeddable":true,"href":"https:\/\/sajec.de\/blog\/wp-json\/wp\/v2\/categories?post=3774"},{"taxonomy":"post_tag","embeddable":true,"href":"https:\/\/sajec.de\/blog\/wp-json\/wp\/v2\/tags?post=3774"}],"curies":[{"name":"wp","href":"https:\/\/api.w.org\/{rel}","templated":true}]}}