{"id":4732,"date":"2011-08-31T16:45:29","date_gmt":"2011-08-31T15:45:29","guid":{"rendered":"http:\/\/sajec.de\/blog\/?p=4732"},"modified":"2011-08-31T16:48:22","modified_gmt":"2011-08-31T15:48:22","slug":"last-day-in-august","status":"publish","type":"post","link":"https:\/\/sajec.de\/blog\/last-day-in-august\/","title":{"rendered":"Last day in August"},"content":{"rendered":"<p>Hat noch jemand das Gef\u00fchl, dass dieser Sommer eigentlich gar kein Sommer war? Ich kann mich nicht erinnern, dass wir jemals einen Sommer hatten, an dem wir <span style=\"text-decoration: underline;\">nicht<\/span> tagelang das Klimapusteger\u00e4t im Vormittagsb\u00fcro haben laufen lassen. Dieses Jahr staubt es vor sich hin und war allerh\u00f6chstens einmal im Einsatz. Der Sommer 2011 war also allenfalls so nana. Auch die Gewitter bekamen immer irgendwie die anderen ab! *hmpf hmpf hmpf*<\/p>\n<p>Vielleicht wird ja der September golden-sch\u00f6n und beschert mehr Fotos.<\/p>\n<p>N\u00e4chstes Jahr um diese Zeit &#8211; wenn alles gut geht und nach Plan verl\u00e4uft &#8211; wandere ich durch Vancouver! Momentan bin ich total hin- und hergerissen zwischen &#8222;Oh, noch fast ein ganzes Jahr warten?!&#8220; und &#8222;Wie, nicht mal mehr 12 Monate jetzt? Und ich habe noch nichts organisiert-Panik!&#8220; Manchmal bin ich \u00fcber meine eigene Courage, das Vorhaben durchzuziehen, selbst erstaunt. Aber ich werde keinen R\u00fcckzieher machen! Und bis dahin bekomme ich das auch mit dem bl\u00f6den Knie hoffentlich geheilt. Die 4. Woche habe ich jetzt schon &#8222;Spass&#8220; damit, und langsam rei\u00dft mir der Geduldsfaden.<\/p>\n","protected":false},"excerpt":{"rendered":"<p>Hat noch jemand das Gef\u00fchl, dass dieser Sommer eigentlich gar kein Sommer war? Ich kann mich nicht erinnern, dass wir jemals einen Sommer hatten, an dem wir nicht tagelang das Klimapusteger\u00e4t im Vormittagsb\u00fcro haben laufen lassen. Dieses Jahr staubt es &hellip; <a href=\"https:\/\/sajec.de\/blog\/last-day-in-august\/\">Weiterlesen <span class=\"meta-nav\">&rarr;<\/span><\/a><\/p>\n","protected":false},"author":2,"featured_media":0,"comment_status":"open","ping_status":"open","sticky":false,"template":"","format":"standard","meta":{"ngg_post_thumbnail":0,"footnotes":""},"categories":[1],"tags":[],"class_list":["post-4732","post","type-post","status-publish","format-standard","hentry","category-tagebuch"],"_links":{"self":[{"href":"https:\/\/sajec.de\/blog\/wp-json\/wp\/v2\/posts\/4732","targetHints":{"allow":["GET"]}}],"collection":[{"href":"https:\/\/sajec.de\/blog\/wp-json\/wp\/v2\/posts"}],"about":[{"href":"https:\/\/sajec.de\/blog\/wp-json\/wp\/v2\/types\/post"}],"author":[{"embeddable":true,"href":"https:\/\/sajec.de\/blog\/wp-json\/wp\/v2\/users\/2"}],"replies":[{"embeddable":true,"href":"https:\/\/sajec.de\/blog\/wp-json\/wp\/v2\/comments?post=4732"}],"version-history":[{"count":4,"href":"https:\/\/sajec.de\/blog\/wp-json\/wp\/v2\/posts\/4732\/revisions"}],"predecessor-version":[{"id":4737,"href":"https:\/\/sajec.de\/blog\/wp-json\/wp\/v2\/posts\/4732\/revisions\/4737"}],"wp:attachment":[{"href":"https:\/\/sajec.de\/blog\/wp-json\/wp\/v2\/media?parent=4732"}],"wp:term":[{"taxonomy":"category","embeddable":true,"href":"https:\/\/sajec.de\/blog\/wp-json\/wp\/v2\/categories?post=4732"},{"taxonomy":"post_tag","embeddable":true,"href":"https:\/\/sajec.de\/blog\/wp-json\/wp\/v2\/tags?post=4732"}],"curies":[{"name":"wp","href":"https:\/\/api.w.org\/{rel}","templated":true}]}}