{"id":4793,"date":"2011-09-30T14:50:29","date_gmt":"2011-09-30T13:50:29","guid":{"rendered":"http:\/\/sajec.de\/blog\/?p=4793"},"modified":"2011-10-02T15:34:24","modified_gmt":"2011-10-02T14:34:24","slug":"projekt12-herbst","status":"publish","type":"post","link":"https:\/\/sajec.de\/blog\/projekt12-herbst\/","title":{"rendered":"Projekt12 &#8211; Herbst"},"content":{"rendered":"<p>Herbst war als Thema f\u00fcr das September-Projekt vorgegeben, und das war gar nicht so einfach, denn herbstlich war es so ganz und gar nicht. Im Gegenteil, der Sommer b\u00e4umte sich auf.<\/p>\n<p>Eigentlich hatte ich ein ganz bestimmtes Bild im Visir: Wenn ich meinen t\u00e4glichen Weg morgens ins B\u00fcro fuhr, sah ich die V\u00f6gel auf den Stromseilen und -masten sitzen, zu Hunderten. Dahinter noch die Weite der Marsch, gef\u00fcllt mit Nebel. Wow. Aber ich kann nie anhalten, um in Ruhe die Canon zu z\u00fccken, zu viel Verkehr und keine Haltem\u00f6glichkeit, ohne einen morgendlichen Stau zu provozieren.<\/p>\n<p>Deswegen wurde es dann doch nur Gordons Spinnennetz. Das steht f\u00fcr mich auch irgendwie f\u00fcr Herbst.<\/p>\n<p><a href=\"http:\/\/sajec.de\/blog\/wp-content\/uploads\/2011\/10\/herbst1.jpg\"><img loading=\"lazy\" decoding=\"async\" class=\"alignnone size-full wp-image-4794\" title=\"herbst1\" src=\"http:\/\/sajec.de\/blog\/wp-content\/uploads\/2011\/10\/herbst1.jpg\" alt=\"\" width=\"640\" height=\"480\" srcset=\"https:\/\/sajec.de\/blog\/wp-content\/uploads\/2011\/10\/herbst1.jpg 640w, https:\/\/sajec.de\/blog\/wp-content\/uploads\/2011\/10\/herbst1-300x225.jpg 300w, https:\/\/sajec.de\/blog\/wp-content\/uploads\/2011\/10\/herbst1-150x112.jpg 150w, https:\/\/sajec.de\/blog\/wp-content\/uploads\/2011\/10\/herbst1-400x300.jpg 400w\" sizes=\"auto, (max-width: 640px) 100vw, 640px\" \/><\/a><\/p>\n","protected":false},"excerpt":{"rendered":"<p>Herbst war als Thema f\u00fcr das September-Projekt vorgegeben, und das war gar nicht so einfach, denn herbstlich war es so ganz und gar nicht. Im Gegenteil, der Sommer b\u00e4umte sich auf. Eigentlich hatte ich ein ganz bestimmtes Bild im Visir: &hellip; <a href=\"https:\/\/sajec.de\/blog\/projekt12-herbst\/\">Weiterlesen <span class=\"meta-nav\">&rarr;<\/span><\/a><\/p>\n","protected":false},"author":2,"featured_media":0,"comment_status":"open","ping_status":"open","sticky":false,"template":"","format":"standard","meta":{"ngg_post_thumbnail":0,"footnotes":""},"categories":[5,1,17],"tags":[],"class_list":["post-4793","post","type-post","status-publish","format-standard","hentry","category-bilder","category-tagebuch","category-projekt12"],"_links":{"self":[{"href":"https:\/\/sajec.de\/blog\/wp-json\/wp\/v2\/posts\/4793","targetHints":{"allow":["GET"]}}],"collection":[{"href":"https:\/\/sajec.de\/blog\/wp-json\/wp\/v2\/posts"}],"about":[{"href":"https:\/\/sajec.de\/blog\/wp-json\/wp\/v2\/types\/post"}],"author":[{"embeddable":true,"href":"https:\/\/sajec.de\/blog\/wp-json\/wp\/v2\/users\/2"}],"replies":[{"embeddable":true,"href":"https:\/\/sajec.de\/blog\/wp-json\/wp\/v2\/comments?post=4793"}],"version-history":[{"count":3,"href":"https:\/\/sajec.de\/blog\/wp-json\/wp\/v2\/posts\/4793\/revisions"}],"predecessor-version":[{"id":4797,"href":"https:\/\/sajec.de\/blog\/wp-json\/wp\/v2\/posts\/4793\/revisions\/4797"}],"wp:attachment":[{"href":"https:\/\/sajec.de\/blog\/wp-json\/wp\/v2\/media?parent=4793"}],"wp:term":[{"taxonomy":"category","embeddable":true,"href":"https:\/\/sajec.de\/blog\/wp-json\/wp\/v2\/categories?post=4793"},{"taxonomy":"post_tag","embeddable":true,"href":"https:\/\/sajec.de\/blog\/wp-json\/wp\/v2\/tags?post=4793"}],"curies":[{"name":"wp","href":"https:\/\/api.w.org\/{rel}","templated":true}]}}