{"id":4817,"date":"2011-10-24T18:06:31","date_gmt":"2011-10-24T17:06:31","guid":{"rendered":"http:\/\/sajec.de\/blog\/?p=4817"},"modified":"2011-10-24T18:06:31","modified_gmt":"2011-10-24T17:06:31","slug":"der-andere-montag","status":"publish","type":"post","link":"https:\/\/sajec.de\/blog\/der-andere-montag\/","title":{"rendered":"Der andere Montag"},"content":{"rendered":"<p>Es geht auch anders, an Montagen, die ich normalerweise meckernd und motzend beginne, zumindest reihen sich \u00fcblicherweise die meisten meiner Montagstweets in die Motz- und Meckerabteilung mit ein. Aber heute war es &#8230; <strong>anders<\/strong>. Vielleicht lag es daran, dass ich &#8211; wie immer wenn ich die Urlaubsvertretung f\u00fcr J. \u00fcbernehme &#8211; angenehmer Weise eine ganze Stunde morgens l\u00e4nger schlafen kann. Das macht viel aus, jedenfalls bei mir, und so begann mein Tag erst um 7 Uhr mit einer wundervollen Dusche. Hatte ich erw\u00e4hnt, dass wir einen neuen Duschkopf haben und das Duschen seitdem wieder ein Erlebnis ist? Nun, jetzt wisst ihr es.<\/p>\n<p>Dann lie\u00df mich Chef tippen &#8211; tippen &#8211; tippen und die Finger flitzten nur so \u00fcber die Tastatur. Zwischendurch gabs zu Mittag den gekauften Stinkerk\u00e4se, der wunderbar in meinen Di\u00e4t-Plan passt, aber Chef quer aufstie\u00df. Jedenfalls r\u00fcmpfte er die Nase, was mich aber nicht weiter anficht. Ich hab meinen Kram erledigt, eines nach dem anderen, ohne st\u00f6rende Kollegen-Aufforderungen wie: Mach mal das! Such die Akte. Kannste mal eben die \u00dcberweisung &#8230;? usw. Nur das Telefon benahm sich montagsartig wie immer und stand so gut wie gar nicht still.<\/p>\n<p>Das Ergebnis: Ich bin zufrieden mit dem, was ich geschafft habe; konnte Chef zwei tadellose volle Unterschriftenmapen auf den Schreibtisch legen und er hatte nichts zu meckern &#8211; au\u00dfer meine neue K\u00e4sesucht. *lach* Aber da muss er durch.<\/p>\n<p>Es ist ein gutes Gef\u00fchl, wenn man abends zufrieden auf das Tagewerk zur\u00fcckblicken kann und nicht komaartig und kaputt auf dem Sofa neben der Katze zusammensinkt. Ich hoffe, ihr hattet einen ebenso erfolgreichen Montag und m\u00f6gen die kommenden Montage sich an dem heutigen ein Beispiel nehmen, wobei: wenn wir ehrlich sind, liegt es nur an jedem selbst, was er aus dem Montag und aus jeden anderen Tag der Woche macht. In diesem Sinne &#8230;<\/p>\n","protected":false},"excerpt":{"rendered":"<p>Es geht auch anders, an Montagen, die ich normalerweise meckernd und motzend beginne, zumindest reihen sich \u00fcblicherweise die meisten meiner Montagstweets in die Motz- und Meckerabteilung mit ein. Aber heute war es &#8230; anders. Vielleicht lag es daran, dass ich &hellip; <a href=\"https:\/\/sajec.de\/blog\/der-andere-montag\/\">Weiterlesen <span class=\"meta-nav\">&rarr;<\/span><\/a><\/p>\n","protected":false},"author":2,"featured_media":0,"comment_status":"open","ping_status":"open","sticky":false,"template":"","format":"standard","meta":{"ngg_post_thumbnail":0,"footnotes":""},"categories":[1],"tags":[],"class_list":["post-4817","post","type-post","status-publish","format-standard","hentry","category-tagebuch"],"_links":{"self":[{"href":"https:\/\/sajec.de\/blog\/wp-json\/wp\/v2\/posts\/4817","targetHints":{"allow":["GET"]}}],"collection":[{"href":"https:\/\/sajec.de\/blog\/wp-json\/wp\/v2\/posts"}],"about":[{"href":"https:\/\/sajec.de\/blog\/wp-json\/wp\/v2\/types\/post"}],"author":[{"embeddable":true,"href":"https:\/\/sajec.de\/blog\/wp-json\/wp\/v2\/users\/2"}],"replies":[{"embeddable":true,"href":"https:\/\/sajec.de\/blog\/wp-json\/wp\/v2\/comments?post=4817"}],"version-history":[{"count":2,"href":"https:\/\/sajec.de\/blog\/wp-json\/wp\/v2\/posts\/4817\/revisions"}],"predecessor-version":[{"id":4819,"href":"https:\/\/sajec.de\/blog\/wp-json\/wp\/v2\/posts\/4817\/revisions\/4819"}],"wp:attachment":[{"href":"https:\/\/sajec.de\/blog\/wp-json\/wp\/v2\/media?parent=4817"}],"wp:term":[{"taxonomy":"category","embeddable":true,"href":"https:\/\/sajec.de\/blog\/wp-json\/wp\/v2\/categories?post=4817"},{"taxonomy":"post_tag","embeddable":true,"href":"https:\/\/sajec.de\/blog\/wp-json\/wp\/v2\/tags?post=4817"}],"curies":[{"name":"wp","href":"https:\/\/api.w.org\/{rel}","templated":true}]}}