{"id":4875,"date":"2011-12-03T19:58:05","date_gmt":"2011-12-03T18:58:05","guid":{"rendered":"http:\/\/sajec.de\/blog\/?p=4875"},"modified":"2011-12-03T20:06:36","modified_gmt":"2011-12-03T19:06:36","slug":"bremen","status":"publish","type":"post","link":"https:\/\/sajec.de\/blog\/bremen\/","title":{"rendered":"Bremen"},"content":{"rendered":"<p>Es war der 2. Weihnachtssonnabend, und warum den nicht mal in Bremen verbringen, sich mit dem Martin treffen, Fotografieren (Bremen hat fantastische Motive) und nebenbei noch die Weihnachtsgeschenke schoppen. Klang nach einem richtig guten Plan. Leider hatten den selben Plan auch noch gef\u00fchlte 20 Millionen andere Menschen, die sich durch die Gassen und Pl\u00e4tze von Bremen durch str\u00f6menden Regen dr\u00e4ngelten, oder die Cafes besetzten. Lustig war es trotzdem.<\/p>\n<p>Gleich am Bahnhof &#8211; ich hatte dort in weiser Voraussicht das Mazda geparkt &#8211; wollte ich noch eine Zigarette rauchen, bevor ich mich in die Massen st\u00fcrzte, die Richtung Innenstadt und Schlachte str\u00f6mten. Raucher sind ja ein immer seltener werdendes V\u00f6lkchen, stehen \u00fcberall bibbernd drau\u00dfen &#8211; und lernen sich kennen. So lernte ich Tim und Erik aus Oldenburg kennen, die &#8211; wie sie mir erz\u00e4hlten &#8211; vor 3 Wochen beschlossen, spontan mal nach Bremen auf den Weihnachtsmarkt zu fahren. Nun standen sie vor dem Eingang des Hauptbahnhofes, starrten auf den singenden Elchkopf von einer der 4 Buden, die direkt vor dem Hauptbahnhof platziert waren, und machten entt\u00e4uschte Gesichter \u00fcber &#8222;diesen mickrigen Bremer Weihnachtsmarkt&#8220;. *lach* Ich konnte nicht anders, ich musste mich in das Gespr\u00e4ch einmischen und die Herren erst mal aufkl\u00e4ren, dass das ja nur ein Bahnhofsweihnachtsmarkt ist &#8211; der richtige Bremer Weihnachtsmarkt ist dann dort hinten *ich wedelte einen wissenden Eindruck vermittelnd mit den H\u00e4nden*. Erik und Tim machten dann auch sofort den Vorschlag, gemeinsam dort hin zu stiefeln.<\/p>\n<p>So wuselten wir uns mit durch die Massen, wobei Tim mich gleich am ersten Gl\u00fchweinstand zu selbigen verf\u00fchren wollte. Aber ich hatte ja schon ein &#8222;Date&#8220;, verzichtete dankend auf die Einladung und parkte die beiden erst mal an der n\u00e4chsten Bude auf der Suche nach den Bremer Musikviechern, wo ich mich mit Martin treffen wollte. Das funktionierte auch wunderbar. Die Musikviecher waren da, Martin auch und es goss in Str\u00f6men und ein Opa pr\u00fcgelte uns fast aus dem Bild, weil wir es wagten, uns einfach so unter den Esel zu stellen.<\/p>\n<p>Ich brauchte erst mal einen Cappuccino in einem netten trockenen Cafe. Unbedingt. War aber gar nicht so einfach, ein relativ leeres Cafe zu finden, denn eben jene 20 Millionen Bremen-Besucher hatten alle die selbe glorreiche Idee und Cappuccino-Appetit. Irgendwann fanden wir aber doch eines etwas abseits, w\u00e4rmten uns auf und bedauerten den armen Cafe-Angestellten, der vor der T\u00fcr dahineilenden Passanten Gl\u00fchwein schmackhaft machen sollte.<\/p>\n<p><a href=\"http:\/\/sajec.de\/blog\/wp-content\/uploads\/2011\/12\/cappuccino.jpg\"><img loading=\"lazy\" decoding=\"async\" class=\"alignnone size-full wp-image-4876\" title=\"cappuccino\" src=\"http:\/\/sajec.de\/blog\/wp-content\/uploads\/2011\/12\/cappuccino.jpg\" alt=\"\" width=\"945\" height=\"709\" srcset=\"https:\/\/sajec.de\/blog\/wp-content\/uploads\/2011\/12\/cappuccino.jpg 945w, https:\/\/sajec.de\/blog\/wp-content\/uploads\/2011\/12\/cappuccino-300x225.jpg 300w, https:\/\/sajec.de\/blog\/wp-content\/uploads\/2011\/12\/cappuccino-150x112.jpg 150w, https:\/\/sajec.de\/blog\/wp-content\/uploads\/2011\/12\/cappuccino-400x300.jpg 400w\" sizes=\"auto, (max-width: 945px) 100vw, 945px\" \/><\/a><\/p>\n<p>Als wir uns von au\u00dfen halbwegs wieder trocken gelegt und von innen gew\u00e4rmt hatten, lie\u00df der Regen gl\u00fccklichweise nach; und wir starteten einen neuen Versuch, Bremen fotografisch auf die Spur zu kommen (zumeist mit der BLICK NACH OBEN Devise). So bummelten wir \u00fcber den Weihnachtsmarkt, am Roland vorbei, durch die B\u00f6ttchergasse, h\u00f6rten das Glockenspiel, schlenderten \u00fcber den mittelalterlichen Weihnachtsmarkt an der Schachte und durch die Passage wieder zur\u00fcck in die Innenstadt. Ab und an schauten wir aber auch nach unten.Und jetzt kommen die Ergebnisse:<\/p>\nngg_shortcode_0_placeholder\n<p>Weihnachtsgeschenke habe ich nicht geshoppt &#8211; das mache ich dann doch lieber online und in Ruhe.<\/p>\n","protected":false},"excerpt":{"rendered":"<p>Es war der 2. Weihnachtssonnabend, und warum den nicht mal in Bremen verbringen, sich mit dem Martin treffen, Fotografieren (Bremen hat fantastische Motive) und nebenbei noch die Weihnachtsgeschenke schoppen. Klang nach einem richtig guten Plan. Leider hatten den selben Plan &hellip; <a href=\"https:\/\/sajec.de\/blog\/bremen\/\">Weiterlesen <span class=\"meta-nav\">&rarr;<\/span><\/a><\/p>\n","protected":false},"author":2,"featured_media":0,"comment_status":"open","ping_status":"open","sticky":false,"template":"","format":"standard","meta":{"ngg_post_thumbnail":0,"footnotes":""},"categories":[5,1],"tags":[],"class_list":["post-4875","post","type-post","status-publish","format-standard","hentry","category-bilder","category-tagebuch"],"_links":{"self":[{"href":"https:\/\/sajec.de\/blog\/wp-json\/wp\/v2\/posts\/4875","targetHints":{"allow":["GET"]}}],"collection":[{"href":"https:\/\/sajec.de\/blog\/wp-json\/wp\/v2\/posts"}],"about":[{"href":"https:\/\/sajec.de\/blog\/wp-json\/wp\/v2\/types\/post"}],"author":[{"embeddable":true,"href":"https:\/\/sajec.de\/blog\/wp-json\/wp\/v2\/users\/2"}],"replies":[{"embeddable":true,"href":"https:\/\/sajec.de\/blog\/wp-json\/wp\/v2\/comments?post=4875"}],"version-history":[{"count":4,"href":"https:\/\/sajec.de\/blog\/wp-json\/wp\/v2\/posts\/4875\/revisions"}],"predecessor-version":[{"id":4879,"href":"https:\/\/sajec.de\/blog\/wp-json\/wp\/v2\/posts\/4875\/revisions\/4879"}],"wp:attachment":[{"href":"https:\/\/sajec.de\/blog\/wp-json\/wp\/v2\/media?parent=4875"}],"wp:term":[{"taxonomy":"category","embeddable":true,"href":"https:\/\/sajec.de\/blog\/wp-json\/wp\/v2\/categories?post=4875"},{"taxonomy":"post_tag","embeddable":true,"href":"https:\/\/sajec.de\/blog\/wp-json\/wp\/v2\/tags?post=4875"}],"curies":[{"name":"wp","href":"https:\/\/api.w.org\/{rel}","templated":true}]}}