{"id":5019,"date":"2012-01-13T18:41:21","date_gmt":"2012-01-13T17:41:21","guid":{"rendered":"http:\/\/sajec.de\/blog\/?p=5019"},"modified":"2012-01-16T16:33:23","modified_gmt":"2012-01-16T15:33:23","slug":"wo-sind-die-ohren","status":"publish","type":"post","link":"https:\/\/sajec.de\/blog\/wo-sind-die-ohren\/","title":{"rendered":"Wo sind die Ohren?"},"content":{"rendered":"<p>Heute hatte ich frei &#8211; schwer erk\u00e4mpft mal wieder &#8211; aber eben frei. Was nicht bedeutet, dass ich nichts zu tun gehabt h\u00e4tte. Wichtigste Mission des Tages: Fotos f\u00fcr den Pass beschaffen und selbigen beantragen. Also f\u00f6hnte ich das, was ich gro\u00dfz\u00fcgig Haare nenne, brachte es in Form und begab mich mittels Mazda zum n\u00e4chsten Geldautomat, d. h. so weit man mit Auto an den Geldautomat herankommt, was an Freitagen &#8211; wenn Wochenmarkt ist &#8211; schier ein Akt ist. Also parkte ich Mazda ein paar hundert Meter weit weg und begab mich todesmutig durch Sturm und Niesel zur Geldquelle &#8211; was meine Haare zum Anlass nahmen, die ganze F\u00f6hnaktion von morgens ad absurdum zu f\u00fchren.<\/p>\n<p>Beim Fotografen angekommen, der \u00fcbrigens total nett und eine Plaudertasche ist, fragte der mich nat\u00fcrlich prompt, ob ich das so gestr\u00fcppig haben wollte, oder ob ich nicht doch einen Kamm &#8230; ? Ich brachte das Gestr\u00fcpp wieder in halbwegs gesellschaftsf\u00e4hige Bahnen und pflanzte mich auf den Hocker, mit dem Blick zur Leinwand, weil ich das einfach so von Kino her gew\u00f6hnt bin. Das war verkehrt. Der Fotograf bekam einen Lachanfall, denn angeblich h\u00e4tte sich noch nie vorher jemand verkehrt herum vor seine Linse gehockt.<\/p>\n<p>Wir bekamen mich in die richtige Stellung, es machte ein paar Mal &#8222;klick&#8220; und dann hatte ich meine Pass-Bilder. Er zeigte sie mir noch &#8222;in der Kamera&#8220; und sah mich fragend an. Ich vermutete, er wollte ein okay von mir haben; also best\u00e4tigte ich ihm, dass das auf den Fotos in der Kamera eindeutig ich bin. Wer auch sonst? LOL<\/p>\n<p><a href=\"http:\/\/sajec.de\/blog\/wp-content\/uploads\/2012\/01\/img012.jpg\"><img loading=\"lazy\" decoding=\"async\" class=\"size-thumbnail wp-image-5021 alignnone\" title=\"Passbild\" src=\"http:\/\/sajec.de\/blog\/wp-content\/uploads\/2012\/01\/img012-150x150.jpg\" alt=\"\" width=\"150\" height=\"150\" \/><\/a><\/p>\n<p>W\u00e4hrend er die Bilder druckte und schnippelte, unterhielten wir uns selbstverst\u00e4ndlich \u00fcber meinen geplanten Trip nach Vancouver und die Vorfreude darauf und er schien ein wenig neidisch. Generell auf den Trip. Der wird ja auch klasse! 3 Wochen roadtrip durch Canada &#8211; wer will das nicht? Und ja, ich erz\u00e4hle ALLEN von der geplanten Reise &#8211; nur meinen Schwiegereltern nicht. Nun, wir kamen richtig ins Talken, wobei das Gespr\u00e4ch dann auf seinen Schuhtick\u00a0 abrutschte. Er gestand, dass er als Mann an Schugesch\u00e4ften nicht vorbei kommt. Erst letztens h\u00e4tte er ein Paar Boots gesehen, die einfach umwerfend toll aussahen und die er haben musste, und dann sofort noch die anderen, die daneben standen und ebenfalls umwerfend ausgesehen haben sollen, gekauft, was seine Frau und die Schuverk\u00e4uferin wohl kopfsch\u00fcttelnd als verr\u00fcckt betitelten. Aber er ist happy mit seinen Boots. Darf er auch.<\/p>\n<p>Aber ich hatte ja eigentlich keine Zeit, denn ich brauchte ja noch den Pass. Also ab zum Rathaus, und dort erst mal sehr &#8211; sehr! &#8211; umst\u00e4ndlich rumgekurvt, um \u00fcberhaupt einparken zu k\u00f6nnen. Hoffentlich hat das niemand beobachtet, ich glaube, ich habe s\u00e4mtliche frauenfeindliche Klischees in Sachen Einparken erf\u00fcllt.<\/p>\n<p>Rein ins Rathaus und erst mal orientieren. Wann war ich das letzte Mal auf &#8217;ner Beh\u00f6rde? Aber die haben ja Wegweiser, den ich dann auch entdeckte, als ich schon durch die automatische Schiebglast\u00fcr gelatscht war. Da stand ich nun und glotzte durch die Schiebglast\u00fcr auf die Informationstafel. Ging ich einen Schritt n\u00e4her, um noch was zu erkennen, schoben sich die T\u00fcren auf; ich also wieder zur\u00fcck, T\u00fcren zu, und nichts mehr erkannt. Schritt n\u00e4her &#8211; T\u00fcren auf &#8211; Mist! Das ging 2 oder 3 Mal so, bis es dem Portier zu bunt wurde (oder er Zugluft bekam), er aus seinen K\u00e4mmerchen st\u00fcrmte und mich fragte, wo ich hin will. &#8222;Ich fliege nach Vancouver!&#8220; antwortete ich spontan; sah an seinem verdutzten Blick, dass das eine Info war, die er gar nicht haben wollte, und f\u00fcgte hinzu: &#8222;Dazu brauche ich einen Flugpass!&#8220;<\/p>\n<p>&#8222;Sie meinen Reisepass?&#8220; &#8211; Klugschei\u00dfer!<\/p>\n<p>Er wies mir den richtigen Weg und ich setzte mich in die Reihe der Wartenden. Nach einiger Zeit deponierte ein Mitf\u00fcnziger seine ziemlich fidele aber fast blinde Mutter auch auf den Warte-Gang und wir kamen ins Gespr\u00e4ch. Die Omi brauchte einen neuen Perso und war sich nicht mehr sicher, ob sie auch die Fotos mit dabei hatte. Sohnemann z\u00fcckte die Fotos seiner Frau Mama, verglich sie mit den vorherigen und stellte lapidar fest, dass sie fr\u00fcher besser ausgesehen habe. Omi drehte sich schmunzelnd und entr\u00fcstet in meine Richtung und fragte, was man mit so unh\u00f6flichen S\u00f6hnen am besten macht. &#8222;Puddingverbot!&#8220; schlug ich vor. *lol* Die alte Dame kippte vor Lachen fast vom Stuhl. Sohnemann bem\u00e4ngelte dann, dass auf Mutters Passfotos gar keine Ohren und keine Brille mehr zu sehen sein w\u00fcrden. &#8222;Ich brauche keine Brille, ich seh ja eh nichts mehr!&#8220; erwiderte die Dame. Ich wurde stutzig &#8211; biometrische Passfotos: musste da wenigstens ein Ohr drauf erkennbar sein? Ich fummelte meine eben erstandenen Passfotos heraus und kontrollierte flux nach: Keine Ohren. Der Mann gegen\u00fcber meinte, einen Blick auf meine Fotos werfend: &#8222;Sie brauchen keine Ohren mehr, das ist jetzt alles neu.&#8220; Okay &#8230; LOL<\/p>\n<p>Dann kam ich dran und rein und erz\u00e4hlte &#8211; nat\u00fcrlich &#8211; auch der Passantragsannahmebeamtin, dass ich nach Vancouver fliegen werde, dazu einen Pass brauche, auch Fotos mit dabei habe, aber leider keine Ohren. Die Fotos waren aber so in Ordnung und Ohren hatte ich ja nach kurzer Kontolle auch am Kopf. Noch die Fingerabdr\u00fccke genommen (ohne schwarze Tinte, was meine Bef\u00fcrchtung war) und dabei festgestellt, dass mein linker Zeigefingerabdruck sehr fotogen ist. Unterschrieben, bezahlt und gl\u00fccklich entschwebt mit der Zusage, dass in 3 bis 4 Wochen mein Pass abholbereit w\u00e4re.<\/p>\n<p>Der restliche Freitag, den 13., verbachte ich mit Hausputz und W\u00e4sche &#8211; dabei vergn\u00fcgt und vor Vorfreude grinsend. Jetzt kann das Wochenende kommen, ich bin mit allen soweit fertig und darf Sonnabend und Sonntag mehr oder weniger faul sein. Ich hab schon mal den virtuellen Kamin angeschmissen, Klassik-Radio eingestellt und bereite mich auf einen gem\u00fctlichen Abend vor. Und dann gibt es ja heute Nacht noch Fedora-supernatural! Alles in allem: erfolgreicher und guter Tag, so ein Freitag den 13.<\/p>\n","protected":false},"excerpt":{"rendered":"<p>Heute hatte ich frei &#8211; schwer erk\u00e4mpft mal wieder &#8211; aber eben frei. Was nicht bedeutet, dass ich nichts zu tun gehabt h\u00e4tte. Wichtigste Mission des Tages: Fotos f\u00fcr den Pass beschaffen und selbigen beantragen. Also f\u00f6hnte ich das, was &hellip; <a href=\"https:\/\/sajec.de\/blog\/wo-sind-die-ohren\/\">Weiterlesen <span class=\"meta-nav\">&rarr;<\/span><\/a><\/p>\n","protected":false},"author":2,"featured_media":0,"comment_status":"open","ping_status":"open","sticky":false,"template":"","format":"standard","meta":{"ngg_post_thumbnail":0,"footnotes":""},"categories":[1,19],"tags":[],"class_list":["post-5019","post","type-post","status-publish","format-standard","hentry","category-tagebuch","category-vancouver"],"_links":{"self":[{"href":"https:\/\/sajec.de\/blog\/wp-json\/wp\/v2\/posts\/5019","targetHints":{"allow":["GET"]}}],"collection":[{"href":"https:\/\/sajec.de\/blog\/wp-json\/wp\/v2\/posts"}],"about":[{"href":"https:\/\/sajec.de\/blog\/wp-json\/wp\/v2\/types\/post"}],"author":[{"embeddable":true,"href":"https:\/\/sajec.de\/blog\/wp-json\/wp\/v2\/users\/2"}],"replies":[{"embeddable":true,"href":"https:\/\/sajec.de\/blog\/wp-json\/wp\/v2\/comments?post=5019"}],"version-history":[{"count":14,"href":"https:\/\/sajec.de\/blog\/wp-json\/wp\/v2\/posts\/5019\/revisions"}],"predecessor-version":[{"id":5024,"href":"https:\/\/sajec.de\/blog\/wp-json\/wp\/v2\/posts\/5019\/revisions\/5024"}],"wp:attachment":[{"href":"https:\/\/sajec.de\/blog\/wp-json\/wp\/v2\/media?parent=5019"}],"wp:term":[{"taxonomy":"category","embeddable":true,"href":"https:\/\/sajec.de\/blog\/wp-json\/wp\/v2\/categories?post=5019"},{"taxonomy":"post_tag","embeddable":true,"href":"https:\/\/sajec.de\/blog\/wp-json\/wp\/v2\/tags?post=5019"}],"curies":[{"name":"wp","href":"https:\/\/api.w.org\/{rel}","templated":true}]}}