{"id":5093,"date":"2012-01-29T15:16:13","date_gmt":"2012-01-29T14:16:13","guid":{"rendered":"http:\/\/sajec.de\/blog\/?p=5093"},"modified":"2012-01-29T15:53:00","modified_gmt":"2012-01-29T14:53:00","slug":"puderzucker-sonntag","status":"publish","type":"post","link":"https:\/\/sajec.de\/blog\/puderzucker-sonntag\/","title":{"rendered":"Puderzucker-Sonntag"},"content":{"rendered":"<p>Es gibt ja liebe Menschen, die w\u00fcnschen sich Schnee, und bekommen keinen. Letztes Jahr waren wir so gut wie alle reichlich mit wei\u00dfer Pracht \u00fcberflutet, so dass sich mein Wunsch nach Schnee in diesem Jahr eher in Grenzen hielt und h\u00e4lt. Heute Morgen jedoch waren auch hier im hohen Norden die D\u00e4cher mit Schneepuder best\u00e4ubt. Nicht viel, eher so ein Hauch, und f\u00fcr eine Schneeballschlacht reicht es auch nicht, aber es deckt das eher trostlose Grau ein bisschen ab.<\/p>\n<p><a href=\"http:\/\/sajec.de\/blog\/wp-content\/uploads\/2012\/01\/D\u00e4cher.jpg\"><img loading=\"lazy\" decoding=\"async\" class=\"alignnone size-full wp-image-5094\" title=\"D\u00e4cher\" src=\"http:\/\/sajec.de\/blog\/wp-content\/uploads\/2012\/01\/D\u00e4cher.jpg\" alt=\"\" width=\"850\" height=\"262\" srcset=\"https:\/\/sajec.de\/blog\/wp-content\/uploads\/2012\/01\/D\u00e4cher.jpg 850w, https:\/\/sajec.de\/blog\/wp-content\/uploads\/2012\/01\/D\u00e4cher-300x92.jpg 300w, https:\/\/sajec.de\/blog\/wp-content\/uploads\/2012\/01\/D\u00e4cher-150x46.jpg 150w, https:\/\/sajec.de\/blog\/wp-content\/uploads\/2012\/01\/D\u00e4cher-400x123.jpg 400w\" sizes=\"auto, (max-width: 850px) 100vw, 850px\" \/><\/a><\/p>\n<p>Ich hatte mir ja sowieso vorgenommen, diesen Sonntag &#8211; egal wie das Wetter sich zeigen w\u00fcrde &#8211; die Canon mal wieder auszuf\u00fchren. Die Frage war nur: See, Park oder Wald? Ich entschied mich f\u00fcr Wald und erinnerte mich an den Tipp von M. in einem der \u00e4lteren Kommentare und dass ich es bisher immer noch nicht geschafft hatte, jenen Urwald zu besuchen. Warum also nicht heute? Kamera geschnappt, eingepackt, Pudelm\u00fctze gesucht, gefunden und aufgesetzt und losged\u00fcst &#8211; dem kleinen Urwald auf die Schliche zu kommen.<\/p>\n<p>Je weiter ich Mazdachen westlich &#8211; Richtung Urwald-Ziel &#8211; f\u00fchrte, um so schneeloser wurde die Gegend. Nicht, dass da wie gesagt vorher schon viel gewesen w\u00e4re; aber dort verabschiedete sich auch das wenige Puderzuckerschneegef\u00fchl. Was blieb war der Frost. Und so spazierte ich dann durch einen fast menschenleeren Wald, h\u00f6rte die Spechte h\u00e4mmern und die Amseln aufgeregt tschilpen und freute mich trotzdem dar\u00fcber, nach Jahren mal wieder richtigen Wald betreten zu k\u00f6nnen; auch wenn er eben schneelos war.<\/p>\nngg_shortcode_0_placeholder\n<p>Der Urwald im Fr\u00fchling \/ Fr\u00fchsommer muss auch wundervoll sein, oder nach einem Regentag. Ich fahre da garantiert wieder einmal hin.<\/p>\n","protected":false},"excerpt":{"rendered":"<p>Es gibt ja liebe Menschen, die w\u00fcnschen sich Schnee, und bekommen keinen. Letztes Jahr waren wir so gut wie alle reichlich mit wei\u00dfer Pracht \u00fcberflutet, so dass sich mein Wunsch nach Schnee in diesem Jahr eher in Grenzen hielt und &hellip; <a href=\"https:\/\/sajec.de\/blog\/puderzucker-sonntag\/\">Weiterlesen <span class=\"meta-nav\">&rarr;<\/span><\/a><\/p>\n","protected":false},"author":2,"featured_media":0,"comment_status":"open","ping_status":"open","sticky":false,"template":"","format":"standard","meta":{"ngg_post_thumbnail":0,"footnotes":""},"categories":[5,1],"tags":[],"class_list":["post-5093","post","type-post","status-publish","format-standard","hentry","category-bilder","category-tagebuch"],"_links":{"self":[{"href":"https:\/\/sajec.de\/blog\/wp-json\/wp\/v2\/posts\/5093","targetHints":{"allow":["GET"]}}],"collection":[{"href":"https:\/\/sajec.de\/blog\/wp-json\/wp\/v2\/posts"}],"about":[{"href":"https:\/\/sajec.de\/blog\/wp-json\/wp\/v2\/types\/post"}],"author":[{"embeddable":true,"href":"https:\/\/sajec.de\/blog\/wp-json\/wp\/v2\/users\/2"}],"replies":[{"embeddable":true,"href":"https:\/\/sajec.de\/blog\/wp-json\/wp\/v2\/comments?post=5093"}],"version-history":[{"count":10,"href":"https:\/\/sajec.de\/blog\/wp-json\/wp\/v2\/posts\/5093\/revisions"}],"predecessor-version":[{"id":5107,"href":"https:\/\/sajec.de\/blog\/wp-json\/wp\/v2\/posts\/5093\/revisions\/5107"}],"wp:attachment":[{"href":"https:\/\/sajec.de\/blog\/wp-json\/wp\/v2\/media?parent=5093"}],"wp:term":[{"taxonomy":"category","embeddable":true,"href":"https:\/\/sajec.de\/blog\/wp-json\/wp\/v2\/categories?post=5093"},{"taxonomy":"post_tag","embeddable":true,"href":"https:\/\/sajec.de\/blog\/wp-json\/wp\/v2\/tags?post=5093"}],"curies":[{"name":"wp","href":"https:\/\/api.w.org\/{rel}","templated":true}]}}