{"id":5867,"date":"2012-04-17T15:57:38","date_gmt":"2012-04-17T13:57:38","guid":{"rendered":"http:\/\/sajec.de\/blog\/?p=5867"},"modified":"2012-04-17T16:58:43","modified_gmt":"2012-04-17T14:58:43","slug":"und-wenn-wir-alle-zusammenziehen","status":"publish","type":"post","link":"https:\/\/sajec.de\/blog\/und-wenn-wir-alle-zusammenziehen\/","title":{"rendered":"Und wenn wir alle zusammenziehen?"},"content":{"rendered":"<p><a href=\"http:\/\/sajec.de\/blog\/wp-content\/uploads\/2012\/04\/zusammen.jpg\"><img loading=\"lazy\" decoding=\"async\" class=\"alignleft size-full wp-image-5876\" title=\"zusammen\" src=\"http:\/\/sajec.de\/blog\/wp-content\/uploads\/2012\/04\/zusammen.jpg\" alt=\"\" width=\"470\" height=\"664\" srcset=\"https:\/\/sajec.de\/blog\/wp-content\/uploads\/2012\/04\/zusammen.jpg 470w, https:\/\/sajec.de\/blog\/wp-content\/uploads\/2012\/04\/zusammen-212x300.jpg 212w, https:\/\/sajec.de\/blog\/wp-content\/uploads\/2012\/04\/zusammen-106x150.jpg 106w, https:\/\/sajec.de\/blog\/wp-content\/uploads\/2012\/04\/zusammen-400x565.jpg 400w\" sizes=\"auto, (max-width: 470px) 100vw, 470px\" \/><\/a>\u00a0Gestern war wieder M\u00e4delzKino-Abend &#8211; oder besser Nachmittag, denn der gew\u00fcnschte Film <strong>[&#8222;Und wenn wir alle zusammenziehen?&#8220;]<\/strong> begann schon um 17 Uhr im Lieblingskino Casablanca in OL, was f\u00fcr mich immer ein wenig Stress bedeutet. Aber ich habe es noch rechtzeitig geschafft und war sehr gespannt, was mich wohl erwarten w\u00fcrde. Ein oder zwei Kritiken hatte ich bereits vorab im Radio dar\u00fcber geh\u00f6rt, aber auf die muss man ja nicht immer etwas geben. Lieber sollte man sich selbst ein Bild machen.<\/p>\n<p>Eine reine Kom\u00f6die &#8211; so viel war mir jedenfalls klar &#8211; w\u00fcrde es sicher nicht werden, auch wenn man bei <strong>Pierre Richard <\/strong>nat\u00fcrlich sofort an den Gro\u00dfen Blonden mit dem Schwarzen Schuh denkt. Meine G\u00fcte ist das lange her! Und meine G\u00fcte ist Pierre Richard tats\u00e4chlich in die Jahre gekommen (Jahrgang 1934!) &#8211; und dabei liebensw\u00fcrdig und ein klein bisschen auch tolpatschig geblieben.<\/p>\n<p>\u00dcberragend aber spielte <span style=\"color: #800000;\"><strong>Jane Fonda <\/strong><\/span>neben <strong>Geraldine Chaplin, Claude Rich<\/strong>\u00a0(den ich nicht kannte bisher) und einen eher etwas farblosen und bei diesen Filmgr\u00f6\u00dfen sch\u00fcchtern wirkenden <strong>Daniel Br\u00fchl<\/strong>.<\/p>\n<p>Auch das Thema des Filmes hatte es in sich: Was, wenn man &#8211; jenseits der 65 \/ 70 Jahre &#8211; nicht in ein Altersheim abgeschoben werden m\u00f6chte? Warum dann nicht einfach mit seinen Freunden zusammenziehen?<\/p>\n<p>Zugegeben, der Film hatte auch einige lustige Momente, ist an manchen Stellen frivol offen und frech; aber den Grundtenor empfand ich eher als melancholisch, denn man ahnte, dass man das Unvermeidliche nicht aufhalten kann. So verschwieg Jeanne (Jane Fonda) ihrem Albert (Pierre Richard) nicht nur die zur\u00fcckgekehrte Krebserkrankung, sondern auch die kurze Affaire zu ihrer beiden Freund Claude (Claude Rich) vor 40 Jahren. Albert rettete sich dann auch dankbar in seine Demenz, als er es doch herausfand. Auch Annie (Geraldine Chaplin) hat ihre Geheimnisse und steten Zwistigkeiten mit ihrem Ehemann und Aktivisten Jean (<strong>Guy Bedos<\/strong>).<\/p>\n<p>Die eingefangenen Kamera-Bilder waren wunderbar poetisch. Als Jeannie dann stirbt, und die Freunde sich an ihrem Grab verabschieden, kullerten mir die Tr\u00e4nen.<\/p>\n<p>Wie sagte es Jeanne (Jane Fonda) in dem Film treffend: <em>&#8222;Da plant man alles im Voraus, man versichert sein Auto und man versichert sein Haus, aber man k\u00fcmmert sich \u00fcberhaupt nicht um seine letzten Jahre!&#8220;<\/em><\/p>\n<p>&#8222;Und wenn wir alle zusammenziehen?&#8220; hinterlie\u00df mich nachdenklich schmunzelnd und ich hoffe, dass ich &#8211; in meinen letzten Jahren &#8211; mit guten vertrauten Freunden leben und streiten kann und nicht in einem Altersheim versauern muss.<\/p>\n<p><a title=\"Hier gibt's die offizielle Seite zum Film.\" href=\"http:\/\/zusammen.pandorafilm.de\/\" target=\"_blank\"><span style=\"color: #800000;\"><strong><span style=\"color: #800000;\">Hier<\/span> gibt&#8217;s die offizielle Seite zum Film.<\/strong><\/span><\/a><\/p>\n","protected":false},"excerpt":{"rendered":"<p>\u00a0Gestern war wieder M\u00e4delzKino-Abend &#8211; oder besser Nachmittag, denn der gew\u00fcnschte Film [&#8222;Und wenn wir alle zusammenziehen?&#8220;] begann schon um 17 Uhr im Lieblingskino Casablanca in OL, was f\u00fcr mich immer ein wenig Stress bedeutet. Aber ich habe es noch &hellip; <a href=\"https:\/\/sajec.de\/blog\/und-wenn-wir-alle-zusammenziehen\/\">Weiterlesen <span class=\"meta-nav\">&rarr;<\/span><\/a><\/p>\n","protected":false},"author":2,"featured_media":0,"comment_status":"open","ping_status":"open","sticky":false,"template":"","format":"standard","meta":{"ngg_post_thumbnail":0,"footnotes":""},"categories":[20],"tags":[],"class_list":["post-5867","post","type-post","status-publish","format-standard","hentry","category-kinozeit"],"_links":{"self":[{"href":"https:\/\/sajec.de\/blog\/wp-json\/wp\/v2\/posts\/5867","targetHints":{"allow":["GET"]}}],"collection":[{"href":"https:\/\/sajec.de\/blog\/wp-json\/wp\/v2\/posts"}],"about":[{"href":"https:\/\/sajec.de\/blog\/wp-json\/wp\/v2\/types\/post"}],"author":[{"embeddable":true,"href":"https:\/\/sajec.de\/blog\/wp-json\/wp\/v2\/users\/2"}],"replies":[{"embeddable":true,"href":"https:\/\/sajec.de\/blog\/wp-json\/wp\/v2\/comments?post=5867"}],"version-history":[{"count":12,"href":"https:\/\/sajec.de\/blog\/wp-json\/wp\/v2\/posts\/5867\/revisions"}],"predecessor-version":[{"id":5881,"href":"https:\/\/sajec.de\/blog\/wp-json\/wp\/v2\/posts\/5867\/revisions\/5881"}],"wp:attachment":[{"href":"https:\/\/sajec.de\/blog\/wp-json\/wp\/v2\/media?parent=5867"}],"wp:term":[{"taxonomy":"category","embeddable":true,"href":"https:\/\/sajec.de\/blog\/wp-json\/wp\/v2\/categories?post=5867"},{"taxonomy":"post_tag","embeddable":true,"href":"https:\/\/sajec.de\/blog\/wp-json\/wp\/v2\/tags?post=5867"}],"curies":[{"name":"wp","href":"https:\/\/api.w.org\/{rel}","templated":true}]}}