{"id":5910,"date":"2012-04-21T18:37:42","date_gmt":"2012-04-21T16:37:42","guid":{"rendered":"http:\/\/sajec.de\/blog\/?p=5910"},"modified":"2012-04-21T18:37:42","modified_gmt":"2012-04-21T16:37:42","slug":"seifenblasen","status":"publish","type":"post","link":"https:\/\/sajec.de\/blog\/seifenblasen\/","title":{"rendered":"Seifenblasen"},"content":{"rendered":"<p>Vater und Tochter standen auf dem h\u00f6lzernen, offenen Balkon und blickten schweigend in den Garten hinaus. V\u00f6gel piepsten und zwitscherten und das Gras und die Bl\u00e4tter der B\u00e4ume tropften noch vom eben vorbeigehuschten Regenschauer. Sophie bestaunte die Intensit\u00e4t der Farben um sie herum und sog die w\u00fcrzige Luft ein. D\u00e4mmerung legte sich \u00fcber das Dorf, den Garten und auf die beiden schweigenden Gestalten auf dem Balkon.<\/p>\n<p>Nach einer Weile, weder Sophie noch ihr Vater hatten bisher ein Wort gesprochen, holte der Vater zwei Seifenblasenspender aus seiner Jackentasche hervor. Sophie strahlte, als er ihr einen davon gab; und gemeinsam bliesen sie Seifenblasen \u00fcber Seifenblasen in den Hof. Kleine und gro\u00dfe zarte Gebilde, bunt schimmernd. Immer mehr und mehr f\u00fcllten die schillernden Kugeln den kleinen Hof unter ihnen und tanzten hin\u00fcber in den glitzernden Garten, funkelten in der Abendsonne und segelten sanft auf den noch vom Regen dampfenden Boden. Manche von ihnen zerplatzten nicht, sondern blieben an den Zweigen des alten Apfelbaumes h\u00e4ngen. Sophie lachte glucksend, als sie ihre Katze Muckel entdeckte, die verspielt nach den Blasen tatzte und versuchte, einige zu erhaschen. Ihr Vater schmunzelte. Sie bliesen weiter Seifenblasen in den Hinterhof, und fast schien es, als w\u00e4re bald kein Raum mehr, um alle zu fassen. Sophies Welt bestand in diesem Moment g\u00e4nzlich aus Seifenblasen, Farben, Wind und Gefunkel und ihrem l\u00e4chelnden Vater. Der Hof und der Garten verwandelten sich in eine glitzernde, schimmernde, sanfte Traumzauberwelt \u2026<\/p>\n<p>\u2026 und auch Jahre sp\u00e4ter sp\u00fcrt Sophie den Zauber, die N\u00e4he und Geborgenheit des Augenblickes \u2026 und l\u00e4chelt.<\/p>\n","protected":false},"excerpt":{"rendered":"<p>Vater und Tochter standen auf dem h\u00f6lzernen, offenen Balkon und blickten schweigend in den Garten hinaus. V\u00f6gel piepsten und zwitscherten und das Gras und die Bl\u00e4tter der B\u00e4ume tropften noch vom eben vorbeigehuschten Regenschauer. Sophie bestaunte die Intensit\u00e4t der Farben &hellip; <a href=\"https:\/\/sajec.de\/blog\/seifenblasen\/\">Weiterlesen <span class=\"meta-nav\">&rarr;<\/span><\/a><\/p>\n","protected":false},"author":2,"featured_media":0,"comment_status":"open","ping_status":"open","sticky":false,"template":"","format":"standard","meta":{"ngg_post_thumbnail":0,"footnotes":""},"categories":[13],"tags":[],"class_list":["post-5910","post","type-post","status-publish","format-standard","hentry","category-scherbenglanz"],"_links":{"self":[{"href":"https:\/\/sajec.de\/blog\/wp-json\/wp\/v2\/posts\/5910","targetHints":{"allow":["GET"]}}],"collection":[{"href":"https:\/\/sajec.de\/blog\/wp-json\/wp\/v2\/posts"}],"about":[{"href":"https:\/\/sajec.de\/blog\/wp-json\/wp\/v2\/types\/post"}],"author":[{"embeddable":true,"href":"https:\/\/sajec.de\/blog\/wp-json\/wp\/v2\/users\/2"}],"replies":[{"embeddable":true,"href":"https:\/\/sajec.de\/blog\/wp-json\/wp\/v2\/comments?post=5910"}],"version-history":[{"count":1,"href":"https:\/\/sajec.de\/blog\/wp-json\/wp\/v2\/posts\/5910\/revisions"}],"predecessor-version":[{"id":5911,"href":"https:\/\/sajec.de\/blog\/wp-json\/wp\/v2\/posts\/5910\/revisions\/5911"}],"wp:attachment":[{"href":"https:\/\/sajec.de\/blog\/wp-json\/wp\/v2\/media?parent=5910"}],"wp:term":[{"taxonomy":"category","embeddable":true,"href":"https:\/\/sajec.de\/blog\/wp-json\/wp\/v2\/categories?post=5910"},{"taxonomy":"post_tag","embeddable":true,"href":"https:\/\/sajec.de\/blog\/wp-json\/wp\/v2\/tags?post=5910"}],"curies":[{"name":"wp","href":"https:\/\/api.w.org\/{rel}","templated":true}]}}