{"id":6392,"date":"2012-06-06T19:23:29","date_gmt":"2012-06-06T17:23:29","guid":{"rendered":"http:\/\/sajec.de\/blog\/?p=6392"},"modified":"2012-06-06T20:20:03","modified_gmt":"2012-06-06T18:20:03","slug":"angry-day","status":"publish","type":"post","link":"https:\/\/sajec.de\/blog\/angry-day\/","title":{"rendered":"Angry day"},"content":{"rendered":"<p><a href=\"http:\/\/sajec.de\/blog\/wp-content\/uploads\/2012\/06\/angryDayAmpel.jpg\"><img loading=\"lazy\" decoding=\"async\" class=\"alignnone size-full wp-image-6394\" title=\"angryDayAmpel\" src=\"http:\/\/sajec.de\/blog\/wp-content\/uploads\/2012\/06\/angryDayAmpel.jpg\" alt=\"\" width=\"850\" height=\"567\" srcset=\"https:\/\/sajec.de\/blog\/wp-content\/uploads\/2012\/06\/angryDayAmpel.jpg 850w, https:\/\/sajec.de\/blog\/wp-content\/uploads\/2012\/06\/angryDayAmpel-300x200.jpg 300w, https:\/\/sajec.de\/blog\/wp-content\/uploads\/2012\/06\/angryDayAmpel-150x100.jpg 150w, https:\/\/sajec.de\/blog\/wp-content\/uploads\/2012\/06\/angryDayAmpel-400x266.jpg 400w\" sizes=\"auto, (max-width: 850px) 100vw, 850px\" \/><\/a><\/p>\n<p>Heute war es mies. Ganz, ganz mies! Stimmungstechnisch gesehen. Und das konnte nicht nur an den 300 g mehr heute Morgen gelegen haben. Keine Ahnung, was los war; aber ich war mit meiner stinkigen Laune scheinbar nicht alleine unterwegs. Dabei gibt\/gab es &#8211; wenn ich genauer dar\u00fcber nachdenke &#8211; so gar keinen Grund, rumzumotzen. Klar, beim Vormittagsjob ist ein bisschen geballt zu tun; und wenn ich konzentriert die Buchhaltung f\u00fcr den gesamten Mai beacker und st\u00e4ndig bimmelt das Telefon, soll ich Akten suchen, dies noch machen und kann&#8217;ste mal eben &#8230; irgendwann flippt man gedanklich v\u00f6llig aus, weil man so ja nicht weiter kommt. Und so flippte ich, besonders, als mein Saldo nicht mit dem Kontoauszug \u00fcbereinstimmte und ich den Fehler finden musste, aber erst nicht fand. Alle Buchungss\u00e4tze waren richtig, auch alle Einnahmen und Ausgaben richtig verbucht, und trotzdem stimmte der verdammte Saldo nicht! Bis ich dann feststellte, dass ich schlicht den falschen Kontoauszug &#8211; n\u00e4mlich nicht den letzten &#8211; mit dem Computer-Saldo vergleichen wollte. Ist es dann ein Wunder, dass man stinkig wird?<\/p>\n<p>Auf Twitter setzte sich das Rummotzen dann fr\u00f6hlich fort; mir kam es so vor, als maulte jeder mit jedem und irgendwie war niemand gut gelaunt. Oder f\u00e4rbte die eigene Stimmung nur meine Wahrnehmung? Keine Ahnung, es war jedenfalls ein sehr, sehr merkw\u00fcrdiger, kratzb\u00fcrstiger Tag und ich bin froh, dass der jetzt vorbei ist. Allerdings \u00fcberkommen mich &#8211; an Tagen wie diesen &#8211; diverse Gel\u00fcste! Ganz, ganz schlecht! Wenn ich k\u00f6nnte (weil wenn vorhanden) w\u00fcrde ich jetzt kiloweise K\u00e4se futtern, Curryw\u00fcrste verschlingen, beim Chinesen Nudeln und Reis ordern &#8230; irgendwas, gebt mir nur Fett und Kohlenhydrate mit Geschmack &#8230;<\/p>\n<p>Aber ich darf ja nicht, und das schlechte Gewissen meckert auch schon wegen dem Frustkeks, den ich nachmittags v\u00f6llig plan- und widerstandslos gemampft habe. Doch ich habe mir selbst versprochen, dass ich deswegen morgen keine 2. Jammerarie auf Twitter abziehen werde. Ich habe heute genug mit eigenen aufm\u00fcpfigen Tweets f\u00fcr miese Laune gesorgt; morgen widerstehe ich dem.<\/p>\n<p>Morgen wird sowieso hoffentlich alles besser: der Regen wird aufh\u00f6ren, ich werde nicht mehr frieren und &#8222;jene&#8220; Tage sind mit dem Schlimmsten \u00fcberstanden. Ja, das trichter ich mir jetzt als selbsterf\u00fcllende Prophezeiung selbst ins Gehirn und glaube daran.<\/p>\n<p><strong>Edit<\/strong>:<\/p>\n<p>Nach einem miesen Tag sollte man abends eine 1\/2 Stunde Spazieren gehen, auch im Regen. Pustet den Kopf frei und ich f\u00fchle mich jetzt sehr viel besser (und habe nebenbei noch den Frustkeks exorziert) \ud83d\ude42<\/p>\n<p><a href=\"http:\/\/sajec.de\/blog\/wp-content\/uploads\/2012\/06\/angryDayG\u00e4nse.jpg\"><img loading=\"lazy\" decoding=\"async\" class=\"alignnone size-full wp-image-6398\" title=\"angryDayG\u00e4nse\" src=\"http:\/\/sajec.de\/blog\/wp-content\/uploads\/2012\/06\/angryDayG\u00e4nse.jpg\" alt=\"\" width=\"850\" height=\"567\" srcset=\"https:\/\/sajec.de\/blog\/wp-content\/uploads\/2012\/06\/angryDayG\u00e4nse.jpg 850w, https:\/\/sajec.de\/blog\/wp-content\/uploads\/2012\/06\/angryDayG\u00e4nse-300x200.jpg 300w, https:\/\/sajec.de\/blog\/wp-content\/uploads\/2012\/06\/angryDayG\u00e4nse-150x100.jpg 150w, https:\/\/sajec.de\/blog\/wp-content\/uploads\/2012\/06\/angryDayG\u00e4nse-400x266.jpg 400w\" sizes=\"auto, (max-width: 850px) 100vw, 850px\" \/><\/a><\/p>\n","protected":false},"excerpt":{"rendered":"<p>Heute war es mies. Ganz, ganz mies! Stimmungstechnisch gesehen. Und das konnte nicht nur an den 300 g mehr heute Morgen gelegen haben. Keine Ahnung, was los war; aber ich war mit meiner stinkigen Laune scheinbar nicht alleine unterwegs. Dabei &hellip; <a href=\"https:\/\/sajec.de\/blog\/angry-day\/\">Weiterlesen <span class=\"meta-nav\">&rarr;<\/span><\/a><\/p>\n","protected":false},"author":2,"featured_media":0,"comment_status":"open","ping_status":"open","sticky":false,"template":"","format":"standard","meta":{"ngg_post_thumbnail":0,"footnotes":""},"categories":[21,5,1,8],"tags":[],"class_list":["post-6392","post","type-post","status-publish","format-standard","hentry","category-abnehmen","category-bilder","category-tagebuch","category-fit-for-van"],"_links":{"self":[{"href":"https:\/\/sajec.de\/blog\/wp-json\/wp\/v2\/posts\/6392","targetHints":{"allow":["GET"]}}],"collection":[{"href":"https:\/\/sajec.de\/blog\/wp-json\/wp\/v2\/posts"}],"about":[{"href":"https:\/\/sajec.de\/blog\/wp-json\/wp\/v2\/types\/post"}],"author":[{"embeddable":true,"href":"https:\/\/sajec.de\/blog\/wp-json\/wp\/v2\/users\/2"}],"replies":[{"embeddable":true,"href":"https:\/\/sajec.de\/blog\/wp-json\/wp\/v2\/comments?post=6392"}],"version-history":[{"count":6,"href":"https:\/\/sajec.de\/blog\/wp-json\/wp\/v2\/posts\/6392\/revisions"}],"predecessor-version":[{"id":6400,"href":"https:\/\/sajec.de\/blog\/wp-json\/wp\/v2\/posts\/6392\/revisions\/6400"}],"wp:attachment":[{"href":"https:\/\/sajec.de\/blog\/wp-json\/wp\/v2\/media?parent=6392"}],"wp:term":[{"taxonomy":"category","embeddable":true,"href":"https:\/\/sajec.de\/blog\/wp-json\/wp\/v2\/categories?post=6392"},{"taxonomy":"post_tag","embeddable":true,"href":"https:\/\/sajec.de\/blog\/wp-json\/wp\/v2\/tags?post=6392"}],"curies":[{"name":"wp","href":"https:\/\/api.w.org\/{rel}","templated":true}]}}