{"id":6508,"date":"2012-06-21T21:02:02","date_gmt":"2012-06-21T19:02:02","guid":{"rendered":"http:\/\/sajec.de\/blog\/?p=6508"},"modified":"2012-06-21T21:16:30","modified_gmt":"2012-06-21T19:16:30","slug":"schwimmen-2","status":"publish","type":"post","link":"https:\/\/sajec.de\/blog\/schwimmen-2\/","title":{"rendered":"Schwimmen"},"content":{"rendered":"<p>&#8230; war wundervoll heute, wenn auch zeitweise ziemlich voll. Rechts von mir ein Delfin-P\u00e4rchen, die mit Speed derma\u00dfen durch das Becken pfl\u00fcgten, dass ich mich fast sch\u00e4mte, so unbeholfen durchs Wasser zu krabbeln. Aber ich schwamm in allen m\u00f6glichen Positionen, <strong>40 Minuten<\/strong> ununterbrochen, hin und zur\u00fcck. Und wieder hin und zur\u00fcck; mal vorw\u00e4rts, mal r\u00fcckw\u00e4rts. Und ich genoss das Wasser. Zur Ehrenrettung kann ich auch berichten, dass ich nicht die lahmste Ente im Wasser bin; ich habe jedenfalls einige st\u00e4ndig \u00fcberholt.<\/p>\n<p>Zwischendurch kam es auch zu einem Fast-Drama, denn am Donnerstag sind die Sprungbretter ge\u00f6ffnet, denen ich tunlichst aus den Weg schwimme, denn ich traue den Halbstarken nicht, die sich da &#8211; ohne irgendwelche Vorfahrtsregeln zu beachten &#8211; ins Wasser st\u00fcrzen. Und so kam es auch fast zum Zusammenknall zwischen einem Saltospringer, der ohne zu gucken einfach mit Karacho ins Wasser sich hechtete, w\u00e4hrend sich von vorn einer der Speed-Delfine seinem Wassereintrittspunkt n\u00e4herte. Der Bademeister br\u00fcllte noch: ACHTUNG! Aber da war es schon fast passiert. Aber ging wohl noch gut aus. Der Bademeister behielt die Bahn inklusive mir im Blick; das erkannte ich sogar ohne Brille. Nachdem ich ca. 35 Minuten brav meine Bahnen um Omis und Kinder herum absolviert hatte, spann mein Knie. Es zickte einfach ein bisschen rum und tat weh, so dass ich nicht mehr recht vorw\u00e4rts kam und im ersten Moment einen ziemlich j\u00e4mmerlichen Anblick wohl bot, wie ich mich an den Beckenrand hievte, streng bewacht vom Bademeister. P\u00fch. Schwimme ich eben ohne Beine weiter, kann ich auch! Ging dann auch wieder. Aber so richtig besser wurde es dann doch nicht mehr, so dass ich die letzten 10 Minuten im Sprudelbad verbrachte &#8211; immer noch argw\u00f6hnisch beobachtet vom Badehosenbeckenmeister. Als wenn ich noch im Sprudelbad untergehen k\u00f6nnte. Gerutscht bin ich auch 3 Mal &#8211; und jetzt sitze ich angenehm m\u00fcde aber zufrieden mit mir auf dem heimischen Sofa und f\u00fchle, wie die Bettschwere mich \u00fcberkommt. Alt werde ich heute, trotz des ersten Viertelfinales bei der UEFA EURO 2012, nicht mehr.<\/p>\n<p><a href=\"http:\/\/sajec.de\/blog\/wp-content\/uploads\/2012\/06\/schwimm.jpg\"><img loading=\"lazy\" decoding=\"async\" class=\"alignleft size-full wp-image-6511\" title=\"schwimm\" src=\"http:\/\/sajec.de\/blog\/wp-content\/uploads\/2012\/06\/schwimm.jpg\" alt=\"\" width=\"850\" height=\"676\" srcset=\"https:\/\/sajec.de\/blog\/wp-content\/uploads\/2012\/06\/schwimm.jpg 850w, https:\/\/sajec.de\/blog\/wp-content\/uploads\/2012\/06\/schwimm-300x238.jpg 300w, https:\/\/sajec.de\/blog\/wp-content\/uploads\/2012\/06\/schwimm-150x119.jpg 150w, https:\/\/sajec.de\/blog\/wp-content\/uploads\/2012\/06\/schwimm-400x318.jpg 400w\" sizes=\"auto, (max-width: 850px) 100vw, 850px\" \/><\/a><\/p>\n","protected":false},"excerpt":{"rendered":"<p>&#8230; war wundervoll heute, wenn auch zeitweise ziemlich voll. Rechts von mir ein Delfin-P\u00e4rchen, die mit Speed derma\u00dfen durch das Becken pfl\u00fcgten, dass ich mich fast sch\u00e4mte, so unbeholfen durchs Wasser zu krabbeln. Aber ich schwamm in allen m\u00f6glichen Positionen, &hellip; <a href=\"https:\/\/sajec.de\/blog\/schwimmen-2\/\">Weiterlesen <span class=\"meta-nav\">&rarr;<\/span><\/a><\/p>\n","protected":false},"author":2,"featured_media":0,"comment_status":"open","ping_status":"open","sticky":false,"template":"","format":"standard","meta":{"ngg_post_thumbnail":0,"footnotes":""},"categories":[21,1,8],"tags":[],"class_list":["post-6508","post","type-post","status-publish","format-standard","hentry","category-abnehmen","category-tagebuch","category-fit-for-van"],"_links":{"self":[{"href":"https:\/\/sajec.de\/blog\/wp-json\/wp\/v2\/posts\/6508","targetHints":{"allow":["GET"]}}],"collection":[{"href":"https:\/\/sajec.de\/blog\/wp-json\/wp\/v2\/posts"}],"about":[{"href":"https:\/\/sajec.de\/blog\/wp-json\/wp\/v2\/types\/post"}],"author":[{"embeddable":true,"href":"https:\/\/sajec.de\/blog\/wp-json\/wp\/v2\/users\/2"}],"replies":[{"embeddable":true,"href":"https:\/\/sajec.de\/blog\/wp-json\/wp\/v2\/comments?post=6508"}],"version-history":[{"count":3,"href":"https:\/\/sajec.de\/blog\/wp-json\/wp\/v2\/posts\/6508\/revisions"}],"predecessor-version":[{"id":6510,"href":"https:\/\/sajec.de\/blog\/wp-json\/wp\/v2\/posts\/6508\/revisions\/6510"}],"wp:attachment":[{"href":"https:\/\/sajec.de\/blog\/wp-json\/wp\/v2\/media?parent=6508"}],"wp:term":[{"taxonomy":"category","embeddable":true,"href":"https:\/\/sajec.de\/blog\/wp-json\/wp\/v2\/categories?post=6508"},{"taxonomy":"post_tag","embeddable":true,"href":"https:\/\/sajec.de\/blog\/wp-json\/wp\/v2\/tags?post=6508"}],"curies":[{"name":"wp","href":"https:\/\/api.w.org\/{rel}","templated":true}]}}