{"id":6593,"date":"2012-07-01T08:17:56","date_gmt":"2012-07-01T06:17:56","guid":{"rendered":"http:\/\/sajec.de\/blog\/?p=6593"},"modified":"2012-07-03T15:41:06","modified_gmt":"2012-07-03T13:41:06","slug":"der-gezeichnete-fuchs","status":"publish","type":"post","link":"https:\/\/sajec.de\/blog\/der-gezeichnete-fuchs\/","title":{"rendered":"der gezeichnete Fuchs"},"content":{"rendered":"<p>Ich sah auf den Monitor meiner neuen Kollegin und bewunderte ihre Arbeit. Eine Tabelle der Lebewesen im Wald, auf die Chef bereits wartete. Selbst konnte ich meine Dateien aus seltsamen und mir unbegreiflichen Gr\u00fcnden nicht finden und setzte mich wieder an meinen Platz in dem lichtdurchfluteten Gro\u00dfraumb\u00fcro, direkt an der gro\u00dfen Fensterfront. Leicht beunruhigt startete ich den PC neu und w\u00e4hrend ich auf dessen Hochfahren wartete, erschien auf dem vor mir liegenden Blatt Papier &#8211; Strich f\u00fcr Strich &#8211; ein gezeichneter Wald, nur in schwarz-r\u00f6tlichen Farben gehalten. Und ebenso ein gezeichneter Fuchs, der durch hohes gezeichnetes Gras schn\u00fcrte, neugierig seinen Kopf hob und mich aus schwarzen Knopfaugen verschmitzt ansah.\u00a0Strich um Strich der Zeichnung ver\u00e4nderten sich wie in einem Trickfilm, gaben der Zeichnung Bewegung.\u00a0Ich beobachtete, wie der Bleistift-Fuchs seinen Weg durch seine gezeichnete Welt fortsetzte, sah seinen buschigen langen Schwanz, der vergn\u00fcgt \u00fcber das weiche Gras ragte, bis er hinter einer Biegung im Wald verschwand.<\/p>\n<p><strong>Edit<\/strong>:<\/p>\n<p>JMacLean hat mir einen Fuchs im Wald gemalt, und ich darf ihn zeigen:<\/p>\n<p><a href=\"http:\/\/sajec.de\/blog\/wp-content\/uploads\/2012\/07\/FUCHSvonJo.jpg\"><img loading=\"lazy\" decoding=\"async\" class=\"alignnone size-full wp-image-6600\" title=\"FUCHSvonJo\" src=\"http:\/\/sajec.de\/blog\/wp-content\/uploads\/2012\/07\/FUCHSvonJo.jpg\" alt=\"\" width=\"850\" height=\"500\" srcset=\"https:\/\/sajec.de\/blog\/wp-content\/uploads\/2012\/07\/FUCHSvonJo.jpg 850w, https:\/\/sajec.de\/blog\/wp-content\/uploads\/2012\/07\/FUCHSvonJo-300x176.jpg 300w, https:\/\/sajec.de\/blog\/wp-content\/uploads\/2012\/07\/FUCHSvonJo-150x88.jpg 150w, https:\/\/sajec.de\/blog\/wp-content\/uploads\/2012\/07\/FUCHSvonJo-400x235.jpg 400w\" sizes=\"auto, (max-width: 850px) 100vw, 850px\" \/><\/a><\/p>\n","protected":false},"excerpt":{"rendered":"<p>Ich sah auf den Monitor meiner neuen Kollegin und bewunderte ihre Arbeit. Eine Tabelle der Lebewesen im Wald, auf die Chef bereits wartete. Selbst konnte ich meine Dateien aus seltsamen und mir unbegreiflichen Gr\u00fcnden nicht finden und setzte mich wieder &hellip; <a href=\"https:\/\/sajec.de\/blog\/der-gezeichnete-fuchs\/\">Weiterlesen <span class=\"meta-nav\">&rarr;<\/span><\/a><\/p>\n","protected":false},"author":2,"featured_media":0,"comment_status":"open","ping_status":"open","sticky":false,"template":"","format":"standard","meta":{"ngg_post_thumbnail":0,"footnotes":""},"categories":[7],"tags":[],"class_list":["post-6593","post","type-post","status-publish","format-standard","hentry","category-traumsequenzen"],"_links":{"self":[{"href":"https:\/\/sajec.de\/blog\/wp-json\/wp\/v2\/posts\/6593","targetHints":{"allow":["GET"]}}],"collection":[{"href":"https:\/\/sajec.de\/blog\/wp-json\/wp\/v2\/posts"}],"about":[{"href":"https:\/\/sajec.de\/blog\/wp-json\/wp\/v2\/types\/post"}],"author":[{"embeddable":true,"href":"https:\/\/sajec.de\/blog\/wp-json\/wp\/v2\/users\/2"}],"replies":[{"embeddable":true,"href":"https:\/\/sajec.de\/blog\/wp-json\/wp\/v2\/comments?post=6593"}],"version-history":[{"count":3,"href":"https:\/\/sajec.de\/blog\/wp-json\/wp\/v2\/posts\/6593\/revisions"}],"predecessor-version":[{"id":6602,"href":"https:\/\/sajec.de\/blog\/wp-json\/wp\/v2\/posts\/6593\/revisions\/6602"}],"wp:attachment":[{"href":"https:\/\/sajec.de\/blog\/wp-json\/wp\/v2\/media?parent=6593"}],"wp:term":[{"taxonomy":"category","embeddable":true,"href":"https:\/\/sajec.de\/blog\/wp-json\/wp\/v2\/categories?post=6593"},{"taxonomy":"post_tag","embeddable":true,"href":"https:\/\/sajec.de\/blog\/wp-json\/wp\/v2\/tags?post=6593"}],"curies":[{"name":"wp","href":"https:\/\/api.w.org\/{rel}","templated":true}]}}