{"id":6740,"date":"2012-08-02T20:55:41","date_gmt":"2012-08-02T18:55:41","guid":{"rendered":"http:\/\/sajec.de\/blog\/?p=6740"},"modified":"2012-08-02T20:55:41","modified_gmt":"2012-08-02T18:55:41","slug":"little-vancouver-panik-flash","status":"publish","type":"post","link":"https:\/\/sajec.de\/blog\/little-vancouver-panik-flash\/","title":{"rendered":"little Vancouver Panik Flash"},"content":{"rendered":"<p>K\u00f6nnt ihr euch vorstellen, dass es jetzt nicht einmal mehr 3 Wochen sind, bis ich im Flieger nach Vancouver sitzen werde? Nach Vancouver! Ich kann es irgendwie nicht fassen, und schwebe in einem permanenten Zustand zwischen Erstaunen und &#8222;Oh Mein Gott, Was Wenn &#8230; ?&#8220;<\/p>\n<p>Und dann fallen mir tausend Sachen ein, die passieren k\u00f6nnten und mir den Trip doch noch vermasseln; zum Beispiel vergessene Flugtickets (dabei gibt es die laut Cat&#8217;s Aussage eh erst am Flughafen FFM). Oder ich breche mir kurz vorher s\u00e4mtliche Arme und Beine und alle anderen Gliedma\u00dfen noch dazu. Oder mein Urlaub wird gestrichen; ein Vulkan bricht aus und versperrt die Flugroute; ich falle vor Aufregung vorher ins Koma oder ich wache auf und alles ist nur getr\u00e4umt oder ein Spass. M\u00f6glicherweise entgleist ja auch der Zug, der mich nach Essen bringen soll und von dort am n\u00e4chsten Morgen nach FFM. Oder sie lassen mich nicht rein in Vancouver, weil meine Vornamen im Pass vertauscht sind. Chef macht auch immer wieder mal so fiese kleine Anmerkungen, ob ich denn Urlaub h\u00e4tte &#8230;<\/p>\n<p>Dann fallen mir all die Dinge ein, die ich noch besorgen muss: St\u00fctzstr\u00fcmpfe, etwas canadisches Dollar-Bargeld, Apothekensachen &#8230; Ahhh .. ich dreh durch. Ich muss endlich eine Liste machen. Vielleicht ist der Koffer doch zu klein? Nehme ich die dicke Canon inklusive Teleobjektiv mit ins Handgep\u00e4ck oder verstaue ich sie im Koffer? Aber dann wird der Platz im Koffer noch kleiner. Reichen zwei Paar Hosen? Soll ich den Badeanzug mit einpacken, oder nicht? Ein zweites Paar Schuhe? Wieviele Ohrringe brauche ich wohl in Vancouver? Was ziehe ich zu dem Breakfast-Panel an, und was zum Jensen-Foto-Shoot? *kreisch* Jensen! Ich werde <strong>ihn<\/strong> wieder sehen und vielleicht &#8211; nur vielleicht! &#8211; erinnert er sich ja an mich, wenn ich ihm die Bilder der fr\u00fcheren Conventions zeige und wie viel ich nun abgenommen habe, damit nicht mehr die Kamera kotzen muss bei den Foto-Shoots. Und was, wenn ich mit meinem geplanten Geld nicht ausreiche und in Canada nach 5 Tagen total pleite betteln gehen muss?<\/p>\n<p>Aber ich freue mich wahnsinnig auf die 4 Wochen, auch wenn ich wirklich nicht glauben kann, dass es nun, nach 2 Jahren Sparen, Planen und Warten, real werden soll. Wirklich und wahrhaftig &#8211; Karniggel in Canada, auf den Spuren ihrer Lieblingsserie, die mich nun schon seit 2005 t\u00e4glich durchs Leben f\u00fchrt.<\/p>\n<p>In beiden Jobs ist es zurzeit ein bisschen stressig &#8211; Urlaubszeit eben. Ich routiere und tippe und kopiere und rechne und komme kaum dazu, meinen Twitterverpflichtungen nachzukommen. *lach* Aber wenigstens lenkt das ab von komischen Gedanken, was alles noch passieren k\u00f6nnte, bis ich endlich im Flieger sitzen werde. Woa! &#8230;. 12 Stunden Flug &#8211; das hatte ich noch nie! Ich bin so gespannt, das ist jetzt schon alles so aufregend &#8230; aber wo war ich? Ach ja, die Jobs. N\u00e4chste Woche ist meine Vormittagskollegin aus dem Urlaub zur\u00fcck, dann wird es vielleicht etwas entspannter zugehen; auch wenn ich dann wieder eine Stunde fr\u00fcher im B\u00fcro sein muss. Und wenn meine Nachmittags-Bine O. aus ihrem Urlaub zur\u00fcck ist, dann ist es nur noch eine Woche, bis ich meinen Vancouver-Koffer packen kann. *kreisch* Die Zeit verfliegt im Moment, als k\u00f6nnte sie es gar nicht erwarten und ist angesteckt von meiner Hibbeligkeit.<\/p>\n<p>Wann immer sich die Tage\u00a0Kollegen im Nachmittagsjob in ihren eigenen Urlaub verabschieden, fragen sie noch einmal bei mir nach, wann es denn nun los geht mit meiner Reise; ob wir uns vorher noch mal sehen werden; und wenn nicht, dr\u00fccken sie mich und w\u00fcnschen mir viel Spass und ich soll vorsichtig sein und Bilder machen und gesund und munter wieder kommen und berichten &#8230;<\/p>\n<p>Und doch kann ich das alles noch gar nicht richtig fassen. Es ist fast noch ein bisschen unreal und weit weg &#8211; dabei r\u00fcckt es mit jedem Tag n\u00e4her. Eigentlich hatte ich ja vermutet, dass ich schon Wochen vorher nicht mehr richtig schlafen w\u00fcrde k\u00f6nnen; aber das klappt erstaunlich gut, was wohl auch daran liegt, dass mich die Jobs schlauchen und ich quasi zurzeit abends ziemlich tot ins Bett falle und nicht mal mehr den \u00fcblichen Radioh\u00f6rer-Diskussionen richtig lauschen kann. Das hindert mich aber nicht, ziemlichen Schrott zu tr\u00e4umen, von St\u00fctzstr\u00fcmpfen, Gesundheitsh\u00e4usern, der kompletten BelaFarinRod-Fraktion, die im Gesundheitshaus auf mich wartet und mich beim St\u00fctzstrumpfkauf chaotisch ber\u00e4t, bis ich am Ende mit einer Machete herausspaziere und nach Vancouver schwimmen will. *lach*<\/p>\n<p>Auch, wenn die Tage gerade anstrengend sind und ich in einem andauernden Zustand des Erstaunens und der Panik verfalle, geht es mir &#8211; seelisch wie auch k\u00f6rperlich &#8211; richtig gut. Ich f\u00fchle mich gut, und ich denke, das strahlt auch nach au\u00dfen. Wir haben jetzt Anfang August, und ich kann aus ganzem Herzen sagen: Dieses Jahr 2012 ist das tollste Karniggel-Jahr!<\/p>\n","protected":false},"excerpt":{"rendered":"<p>K\u00f6nnt ihr euch vorstellen, dass es jetzt nicht einmal mehr 3 Wochen sind, bis ich im Flieger nach Vancouver sitzen werde? Nach Vancouver! Ich kann es irgendwie nicht fassen, und schwebe in einem permanenten Zustand zwischen Erstaunen und &#8222;Oh Mein &hellip; <a href=\"https:\/\/sajec.de\/blog\/little-vancouver-panik-flash\/\">Weiterlesen <span class=\"meta-nav\">&rarr;<\/span><\/a><\/p>\n","protected":false},"author":2,"featured_media":0,"comment_status":"open","ping_status":"open","sticky":false,"template":"","format":"standard","meta":{"ngg_post_thumbnail":0,"footnotes":""},"categories":[1,7,19],"tags":[],"class_list":["post-6740","post","type-post","status-publish","format-standard","hentry","category-tagebuch","category-traumsequenzen","category-vancouver"],"_links":{"self":[{"href":"https:\/\/sajec.de\/blog\/wp-json\/wp\/v2\/posts\/6740","targetHints":{"allow":["GET"]}}],"collection":[{"href":"https:\/\/sajec.de\/blog\/wp-json\/wp\/v2\/posts"}],"about":[{"href":"https:\/\/sajec.de\/blog\/wp-json\/wp\/v2\/types\/post"}],"author":[{"embeddable":true,"href":"https:\/\/sajec.de\/blog\/wp-json\/wp\/v2\/users\/2"}],"replies":[{"embeddable":true,"href":"https:\/\/sajec.de\/blog\/wp-json\/wp\/v2\/comments?post=6740"}],"version-history":[{"count":1,"href":"https:\/\/sajec.de\/blog\/wp-json\/wp\/v2\/posts\/6740\/revisions"}],"predecessor-version":[{"id":6741,"href":"https:\/\/sajec.de\/blog\/wp-json\/wp\/v2\/posts\/6740\/revisions\/6741"}],"wp:attachment":[{"href":"https:\/\/sajec.de\/blog\/wp-json\/wp\/v2\/media?parent=6740"}],"wp:term":[{"taxonomy":"category","embeddable":true,"href":"https:\/\/sajec.de\/blog\/wp-json\/wp\/v2\/categories?post=6740"},{"taxonomy":"post_tag","embeddable":true,"href":"https:\/\/sajec.de\/blog\/wp-json\/wp\/v2\/tags?post=6740"}],"curies":[{"name":"wp","href":"https:\/\/api.w.org\/{rel}","templated":true}]}}