{"id":6759,"date":"2012-08-05T13:18:23","date_gmt":"2012-08-05T11:18:23","guid":{"rendered":"http:\/\/sajec.de\/blog\/?p=6759"},"modified":"2012-08-05T13:20:45","modified_gmt":"2012-08-05T11:20:45","slug":"merida","status":"publish","type":"post","link":"https:\/\/sajec.de\/blog\/merida\/","title":{"rendered":"Merida"},"content":{"rendered":"<p>Eher zuf\u00e4llig stolperte ich \u00fcber die Filmvorschau zu <strong>MERIDA<\/strong>; und als gestern die Frage anstand, welchen Film die gesamte Karniggel-Familie sich ansehen soll, fiel schnell die Wahl auf diesen Animationsfilm. Und es hat sich gelohnt! Geht, und schaut ihn euch an!<\/p>\n<p><a title=\"Hier \" href=\"http:\/\/www.disney.de\/merida\/home\/\" target=\"_blank\">Hier<\/a> gehts zur offiziellen Merida-Website.<\/p>\n<p>Ich habe jedenfalls den Kinoabend in vollen Z\u00fcgen genossen. Es ist gro\u00dfartig gezeichnet, so dass man Lust bekommt, die realen Highlands zu besuchen. Die Musik ist umwerfend sch\u00f6n und die Geschichte lustig und herzergreifend zugleich. Er verzaubert. Ich habe gelacht, mitgefiebert und gehofft und am Ende war auch mein Make up ein bisschen verschmiert.<\/p>\n<p><a href=\"http:\/\/sajec.de\/blog\/wp-content\/uploads\/2012\/08\/merida.jpg\"><img loading=\"lazy\" decoding=\"async\" class=\"alignnone size-full wp-image-6760\" title=\"merida\" src=\"http:\/\/sajec.de\/blog\/wp-content\/uploads\/2012\/08\/merida.jpg\" alt=\"\" width=\"567\" height=\"613\" srcset=\"https:\/\/sajec.de\/blog\/wp-content\/uploads\/2012\/08\/merida.jpg 567w, https:\/\/sajec.de\/blog\/wp-content\/uploads\/2012\/08\/merida-277x300.jpg 277w, https:\/\/sajec.de\/blog\/wp-content\/uploads\/2012\/08\/merida-138x150.jpg 138w, https:\/\/sajec.de\/blog\/wp-content\/uploads\/2012\/08\/merida-400x432.jpg 400w\" sizes=\"auto, (max-width: 567px) 100vw, 567px\" \/><\/a><\/p>\n<p>Der ganze Nachmittag war gestern eigentlich perfekt: Sonnenschein an der Waterfront, Ice Coffee auf der Terrasse bei Starbucks; ein leckeres Essen im ALEX. Die Leute waren entspannt und gut drauf. Ein bisschen shopping, bevor wir ins Kino gingen. Verzauberte Welten &#8211; \u00a0w\u00e4hrend des Films und danach durch die Lichter der abendlichen Stadt. Als wir in der lauen Sommernacht nach Hause fuhren, Wetterleuchten und ein eierf\u00f6rmiger gelber Mond hinter vereinzelten Wolken. Es war fast schon ein bisschen wie Urlaub.<\/p>\n","protected":false},"excerpt":{"rendered":"<p>Eher zuf\u00e4llig stolperte ich \u00fcber die Filmvorschau zu MERIDA; und als gestern die Frage anstand, welchen Film die gesamte Karniggel-Familie sich ansehen soll, fiel schnell die Wahl auf diesen Animationsfilm. Und es hat sich gelohnt! Geht, und schaut ihn euch &hellip; <a href=\"https:\/\/sajec.de\/blog\/merida\/\">Weiterlesen <span class=\"meta-nav\">&rarr;<\/span><\/a><\/p>\n","protected":false},"author":2,"featured_media":0,"comment_status":"open","ping_status":"open","sticky":false,"template":"","format":"standard","meta":{"ngg_post_thumbnail":0,"footnotes":""},"categories":[1,20],"tags":[],"class_list":["post-6759","post","type-post","status-publish","format-standard","hentry","category-tagebuch","category-kinozeit"],"_links":{"self":[{"href":"https:\/\/sajec.de\/blog\/wp-json\/wp\/v2\/posts\/6759","targetHints":{"allow":["GET"]}}],"collection":[{"href":"https:\/\/sajec.de\/blog\/wp-json\/wp\/v2\/posts"}],"about":[{"href":"https:\/\/sajec.de\/blog\/wp-json\/wp\/v2\/types\/post"}],"author":[{"embeddable":true,"href":"https:\/\/sajec.de\/blog\/wp-json\/wp\/v2\/users\/2"}],"replies":[{"embeddable":true,"href":"https:\/\/sajec.de\/blog\/wp-json\/wp\/v2\/comments?post=6759"}],"version-history":[{"count":5,"href":"https:\/\/sajec.de\/blog\/wp-json\/wp\/v2\/posts\/6759\/revisions"}],"predecessor-version":[{"id":6765,"href":"https:\/\/sajec.de\/blog\/wp-json\/wp\/v2\/posts\/6759\/revisions\/6765"}],"wp:attachment":[{"href":"https:\/\/sajec.de\/blog\/wp-json\/wp\/v2\/media?parent=6759"}],"wp:term":[{"taxonomy":"category","embeddable":true,"href":"https:\/\/sajec.de\/blog\/wp-json\/wp\/v2\/categories?post=6759"},{"taxonomy":"post_tag","embeddable":true,"href":"https:\/\/sajec.de\/blog\/wp-json\/wp\/v2\/tags?post=6759"}],"curies":[{"name":"wp","href":"https:\/\/api.w.org\/{rel}","templated":true}]}}