{"id":7534,"date":"2012-10-06T23:51:12","date_gmt":"2012-10-06T21:51:12","guid":{"rendered":"http:\/\/sajec.de\/blog\/?p=7534"},"modified":"2012-10-07T00:07:51","modified_gmt":"2012-10-06T22:07:51","slug":"abraham-lincoln-vampirjager-und-prasident","status":"publish","type":"post","link":"https:\/\/sajec.de\/blog\/abraham-lincoln-vampirjager-und-prasident\/","title":{"rendered":"Abraham Lincoln &#8211; Vampirj\u00e4ger und Pr\u00e4sident"},"content":{"rendered":"<p>Endlich wieder Kinozeit in der Karniggel-Family. Objekt der filmeastischen Begierde: Abraham Lincoln &#8211; Pr\u00e4sident am Tag, Vampirj\u00e4ger bei Nacht.<\/p>\n<p>Die Story ist simpel erz\u00e4hlt: Er k\u00e4mpft gegen Vampire, w\u00e4hrend er sich tags\u00fcber als Gemischtwarenangestellter Jura aneignet; sp\u00e4ter, als Pr\u00e4sident, f\u00fchrt er den Krieg gegen die S\u00fcdstaaten, um die Sklaven zu befreien. Dieser Krieg ist aber eigentlich ein Krieg gegen die Vampire, die in den S\u00fcdstaaten die Sklaven als Futter betrachten. Es fallen ein paar ber\u00fchmte Lincoln-Zitate, Ausz\u00fcge aus seinen Reden und wichtige geschichtliche Orte wie die Schlacht in Gettysburg werden angeschnitten.<\/p>\n<p>Der Film war ziemlich unterhaltsam, hat aber nat\u00fcrlich (wie schon erwartet) nur am Rande mit wirklicher Geschichte zu tun. Die Kampfszenen waren sagenhaft, besonders die mitten unter der Pferdeherde. F\u00fcr die Spezialeffekte gibt es daher auch von mir die volle Punktzahl, die sollte man auch unbedingt in 3D sich g\u00f6nnen, auch wenn die abgek\u00f6pften Vampirsch\u00e4del, Bluttropfen und andere K\u00f6rperteile, die auf einen zufliegen, manchmal heftig sind (nicht umsonst musste Bazillus wie immer ausweislich belegen, \u00e4lter als 14 Jahre zu sein. LOL).<\/p>\n<p><a href=\"http:\/\/sajec.de\/blog\/wp-content\/uploads\/2012\/10\/adam.jpg\"><img loading=\"lazy\" decoding=\"async\" class=\"alignleft size-full wp-image-7535\" title=\"adam\" src=\"http:\/\/sajec.de\/blog\/wp-content\/uploads\/2012\/10\/adam.jpg\" alt=\"\" width=\"600\" height=\"380\" srcset=\"https:\/\/sajec.de\/blog\/wp-content\/uploads\/2012\/10\/adam.jpg 600w, https:\/\/sajec.de\/blog\/wp-content\/uploads\/2012\/10\/adam-300x190.jpg 300w, https:\/\/sajec.de\/blog\/wp-content\/uploads\/2012\/10\/adam-150x95.jpg 150w, https:\/\/sajec.de\/blog\/wp-content\/uploads\/2012\/10\/adam-400x253.jpg 400w\" sizes=\"auto, (max-width: 600px) 100vw, 600px\" \/><\/a>Der Oberb\u00f6se Vampir <strong>Adam<\/strong>\u00a0(Bild) gefiel mir am besten &#8211; das ist ja meistens so, dass die B\u00f6sewichter eine umwerfende (wenn eben auch b\u00f6se) Ausstrahlung haben.<\/p>\n<p><strong>Abraham<\/strong> Lincoln war eher &#8230; naja, keine Hormonwallungen bei mir in Sicht. Und er ist nat\u00fcrlich in keinster Weise Dean Winchester &#8211; den ich tats\u00e4chlich stellenweise schmerzlich vermisste, aber das ist ja bei mir st\u00e4ndig so, wenn ich movie-fremd-gehe.<br \/>\nTats\u00e4chlich hatte der Film auch ein oder zwei L\u00e4ngen, 20 Minuten weniger h\u00e4tten auch gereicht.<\/p>\n<p>Die Wendung um <strong>Henry<\/strong> kam \u00fcberraschend; und \u00fcberhaupt wurden die Verkn\u00fcpfungen der Protagonisten ziemlich sp\u00e4rlich dosiert. Von der einzigen auftretenden b\u00f6sen Vampirin hab ich nicht einmal den Namen im Ged\u00e4chtnis behalten.<\/p>\n<p>Die Musik war f\u00fcr meinen Geschmack nicht gerade herausragend, G\u00e4nsehaut hatte ich jedenfalls keine, und das ist zumindest bei mir ein ziemlich wichtiger Punkt f\u00fcr einen guten Film. Daf\u00fcr waren aber Kameraeinstellungen, Farben und Szenenbilder sehr gelungen, fast ein wenig k\u00fcnstlerisch; die habe ich genossen.<\/p>\n<p>Mein Fazit:<span style=\"color: #800000;\"> 4 von 5 Sternen<\/span> f\u00fcr den Film. Bereut haben wir den Kinogang sicher nicht.\u00a0Alles in allem war es ein vergn\u00fcglicher Kinoabend. Man kann den Film getrost einmal im Kino gesehen haben.<\/p>\n<p><a title=\"Hier\" href=\"http:\/\/www.abrahamlincoln-vampirjaeger.de\/\" target=\"_blank\">Hier<\/a>\u00a0geht es zur offiziellen Seite.<\/p>\n","protected":false},"excerpt":{"rendered":"<p>Endlich wieder Kinozeit in der Karniggel-Family. Objekt der filmeastischen Begierde: Abraham Lincoln &#8211; Pr\u00e4sident am Tag, Vampirj\u00e4ger bei Nacht. Die Story ist simpel erz\u00e4hlt: Er k\u00e4mpft gegen Vampire, w\u00e4hrend er sich tags\u00fcber als Gemischtwarenangestellter Jura aneignet; sp\u00e4ter, als Pr\u00e4sident, f\u00fchrt &hellip; <a href=\"https:\/\/sajec.de\/blog\/abraham-lincoln-vampirjager-und-prasident\/\">Weiterlesen <span class=\"meta-nav\">&rarr;<\/span><\/a><\/p>\n","protected":false},"author":2,"featured_media":0,"comment_status":"open","ping_status":"open","sticky":false,"template":"","format":"standard","meta":{"ngg_post_thumbnail":0,"footnotes":""},"categories":[20],"tags":[],"class_list":["post-7534","post","type-post","status-publish","format-standard","hentry","category-kinozeit"],"_links":{"self":[{"href":"https:\/\/sajec.de\/blog\/wp-json\/wp\/v2\/posts\/7534","targetHints":{"allow":["GET"]}}],"collection":[{"href":"https:\/\/sajec.de\/blog\/wp-json\/wp\/v2\/posts"}],"about":[{"href":"https:\/\/sajec.de\/blog\/wp-json\/wp\/v2\/types\/post"}],"author":[{"embeddable":true,"href":"https:\/\/sajec.de\/blog\/wp-json\/wp\/v2\/users\/2"}],"replies":[{"embeddable":true,"href":"https:\/\/sajec.de\/blog\/wp-json\/wp\/v2\/comments?post=7534"}],"version-history":[{"count":15,"href":"https:\/\/sajec.de\/blog\/wp-json\/wp\/v2\/posts\/7534\/revisions"}],"predecessor-version":[{"id":7537,"href":"https:\/\/sajec.de\/blog\/wp-json\/wp\/v2\/posts\/7534\/revisions\/7537"}],"wp:attachment":[{"href":"https:\/\/sajec.de\/blog\/wp-json\/wp\/v2\/media?parent=7534"}],"wp:term":[{"taxonomy":"category","embeddable":true,"href":"https:\/\/sajec.de\/blog\/wp-json\/wp\/v2\/categories?post=7534"},{"taxonomy":"post_tag","embeddable":true,"href":"https:\/\/sajec.de\/blog\/wp-json\/wp\/v2\/tags?post=7534"}],"curies":[{"name":"wp","href":"https:\/\/api.w.org\/{rel}","templated":true}]}}