{"id":7658,"date":"2012-10-17T19:36:16","date_gmt":"2012-10-17T17:36:16","guid":{"rendered":"http:\/\/sajec.de\/blog\/?p=7658"},"modified":"2012-10-17T19:39:55","modified_gmt":"2012-10-17T17:39:55","slug":"gegen-das-verblassen","status":"publish","type":"post","link":"https:\/\/sajec.de\/blog\/gegen-das-verblassen\/","title":{"rendered":"Gegen das Verblassen"},"content":{"rendered":"<p>Manchmal verliert man Menschen aus dem Blick. Aus nicht kommunizierten Tagen werden Wochen, dann Monate, manchmal sogar Jahre &#8230; und mit jedem verlorenen Tag wird der Abstand gr\u00f6\u00dfer und der Schritt aufeinander zu schwieriger. Irgendwann ist der Mensch nur noch eine Randbemerkung, ein fl\u00fcchtiger Gedanke, eine verblassende Erinnerung. Man l\u00e4sst den Dingen seinen Lauf &#8230; \u00a0den Menschen auch; und so verschwinden im Laufe der Jahre Menschen aus unserem Leben, die uns doch einmal wichtig gewesen waren. Eine kleine Email, ein Telefonat, ein Brief &#8211; vielleicht auch nur einfach eine Nachricht auf Facebook oder Twitter &#8211; w\u00fcrde Wege eventuell \u00e4ndern, das Verblassen aufhalten, wenn einem die betreffende Person wichtig genug ist.<\/p>\n<p>Gestern habe ich eine solche Nachricht geschrieben. Ich bin froh dar\u00fcber. Das Ergebnis der kleinen Email ist nun ein L\u00e4cheln meinerseits \u00fcber ziemlich extremen Enthusiasmus, der einfach ansteckend ist, den ich vermisst habe und der die eigenen Freudenfunken befl\u00fcgelt.<\/p>\n<p><a href=\"http:\/\/sajec.de\/blog\/wp-content\/uploads\/2012\/10\/bruecke.jpg\"><img loading=\"lazy\" decoding=\"async\" class=\"alignnone size-full wp-image-7661\" title=\"bruecke\" src=\"http:\/\/sajec.de\/blog\/wp-content\/uploads\/2012\/10\/bruecke.jpg\" alt=\"\" width=\"850\" height=\"567\" srcset=\"https:\/\/sajec.de\/blog\/wp-content\/uploads\/2012\/10\/bruecke.jpg 850w, https:\/\/sajec.de\/blog\/wp-content\/uploads\/2012\/10\/bruecke-300x200.jpg 300w, https:\/\/sajec.de\/blog\/wp-content\/uploads\/2012\/10\/bruecke-150x100.jpg 150w, https:\/\/sajec.de\/blog\/wp-content\/uploads\/2012\/10\/bruecke-400x266.jpg 400w\" sizes=\"auto, (max-width: 850px) 100vw, 850px\" \/><\/a><\/p>\n","protected":false},"excerpt":{"rendered":"<p>Manchmal verliert man Menschen aus dem Blick. Aus nicht kommunizierten Tagen werden Wochen, dann Monate, manchmal sogar Jahre &#8230; und mit jedem verlorenen Tag wird der Abstand gr\u00f6\u00dfer und der Schritt aufeinander zu schwieriger. Irgendwann ist der Mensch nur noch &hellip; <a href=\"https:\/\/sajec.de\/blog\/gegen-das-verblassen\/\">Weiterlesen <span class=\"meta-nav\">&rarr;<\/span><\/a><\/p>\n","protected":false},"author":2,"featured_media":0,"comment_status":"open","ping_status":"open","sticky":false,"template":"","format":"standard","meta":{"ngg_post_thumbnail":0,"footnotes":""},"categories":[5,1,19],"tags":[],"class_list":["post-7658","post","type-post","status-publish","format-standard","hentry","category-bilder","category-tagebuch","category-vancouver"],"_links":{"self":[{"href":"https:\/\/sajec.de\/blog\/wp-json\/wp\/v2\/posts\/7658","targetHints":{"allow":["GET"]}}],"collection":[{"href":"https:\/\/sajec.de\/blog\/wp-json\/wp\/v2\/posts"}],"about":[{"href":"https:\/\/sajec.de\/blog\/wp-json\/wp\/v2\/types\/post"}],"author":[{"embeddable":true,"href":"https:\/\/sajec.de\/blog\/wp-json\/wp\/v2\/users\/2"}],"replies":[{"embeddable":true,"href":"https:\/\/sajec.de\/blog\/wp-json\/wp\/v2\/comments?post=7658"}],"version-history":[{"count":6,"href":"https:\/\/sajec.de\/blog\/wp-json\/wp\/v2\/posts\/7658\/revisions"}],"predecessor-version":[{"id":7663,"href":"https:\/\/sajec.de\/blog\/wp-json\/wp\/v2\/posts\/7658\/revisions\/7663"}],"wp:attachment":[{"href":"https:\/\/sajec.de\/blog\/wp-json\/wp\/v2\/media?parent=7658"}],"wp:term":[{"taxonomy":"category","embeddable":true,"href":"https:\/\/sajec.de\/blog\/wp-json\/wp\/v2\/categories?post=7658"},{"taxonomy":"post_tag","embeddable":true,"href":"https:\/\/sajec.de\/blog\/wp-json\/wp\/v2\/tags?post=7658"}],"curies":[{"name":"wp","href":"https:\/\/api.w.org\/{rel}","templated":true}]}}