{"id":7773,"date":"2012-10-27T11:44:19","date_gmt":"2012-10-27T09:44:19","guid":{"rendered":"http:\/\/sajec.de\/blog\/?p=7773"},"modified":"2012-10-27T11:44:19","modified_gmt":"2012-10-27T09:44:19","slug":"kopfschmerzen-2","status":"publish","type":"post","link":"https:\/\/sajec.de\/blog\/kopfschmerzen-2\/","title":{"rendered":"Kopfschmerzen"},"content":{"rendered":"<p>Nachdem ich gestern geradezu \u00a0im Aufr\u00e4um- und Putzwahn taumelte und gar nicht wusste, wohin mit meiner Energie, wachte ich heute mit Kopfschmerzen auf. Autsch! Dabei f\u00fchlte es sich gestern so gut an, dieses Gef\u00fchl am Abend, richtig was geschafft zu haben. Nach einer Tasse Kaffee, Fr\u00fchst\u00fcck und einem Mini-Haarschnitt geht es jetzt einigerma\u00dfen. Vielleicht sollte ich heute das erste richtig frostige Wetter auch nutzen, um wenigstens eine Stunde Spazieren zu gehen. Frische Luft tut dem Kopf bestimmt gut. Aber vorher bekommen die Haare noch eine neue F\u00e4rbung, schlie\u00dflich ist n\u00e4chste Woche DIE \u00c4RZTE-Konzert, und da kann ich ja schlecht mit nicht gemachten Haaren rumpogen.<\/p>\n<p><a href=\"http:\/\/sajec.de\/blog\/wp-content\/uploads\/2012\/10\/CIMG2536.jpg\"><img loading=\"lazy\" decoding=\"async\" class=\"alignnone size-full wp-image-7774\" title=\"CIMG2536\" src=\"http:\/\/sajec.de\/blog\/wp-content\/uploads\/2012\/10\/CIMG2536.jpg\" alt=\"\" width=\"850\" height=\"638\" srcset=\"https:\/\/sajec.de\/blog\/wp-content\/uploads\/2012\/10\/CIMG2536.jpg 850w, https:\/\/sajec.de\/blog\/wp-content\/uploads\/2012\/10\/CIMG2536-300x225.jpg 300w, https:\/\/sajec.de\/blog\/wp-content\/uploads\/2012\/10\/CIMG2536-150x112.jpg 150w, https:\/\/sajec.de\/blog\/wp-content\/uploads\/2012\/10\/CIMG2536-400x300.jpg 400w\" sizes=\"auto, (max-width: 850px) 100vw, 850px\" \/><\/a><\/p>\n","protected":false},"excerpt":{"rendered":"<p>Nachdem ich gestern geradezu \u00a0im Aufr\u00e4um- und Putzwahn taumelte und gar nicht wusste, wohin mit meiner Energie, wachte ich heute mit Kopfschmerzen auf. Autsch! Dabei f\u00fchlte es sich gestern so gut an, dieses Gef\u00fchl am Abend, richtig was geschafft zu &hellip; <a href=\"https:\/\/sajec.de\/blog\/kopfschmerzen-2\/\">Weiterlesen <span class=\"meta-nav\">&rarr;<\/span><\/a><\/p>\n","protected":false},"author":2,"featured_media":0,"comment_status":"open","ping_status":"open","sticky":false,"template":"","format":"standard","meta":{"ngg_post_thumbnail":0,"footnotes":""},"categories":[5,1,19],"tags":[],"class_list":["post-7773","post","type-post","status-publish","format-standard","hentry","category-bilder","category-tagebuch","category-vancouver"],"_links":{"self":[{"href":"https:\/\/sajec.de\/blog\/wp-json\/wp\/v2\/posts\/7773","targetHints":{"allow":["GET"]}}],"collection":[{"href":"https:\/\/sajec.de\/blog\/wp-json\/wp\/v2\/posts"}],"about":[{"href":"https:\/\/sajec.de\/blog\/wp-json\/wp\/v2\/types\/post"}],"author":[{"embeddable":true,"href":"https:\/\/sajec.de\/blog\/wp-json\/wp\/v2\/users\/2"}],"replies":[{"embeddable":true,"href":"https:\/\/sajec.de\/blog\/wp-json\/wp\/v2\/comments?post=7773"}],"version-history":[{"count":2,"href":"https:\/\/sajec.de\/blog\/wp-json\/wp\/v2\/posts\/7773\/revisions"}],"predecessor-version":[{"id":7776,"href":"https:\/\/sajec.de\/blog\/wp-json\/wp\/v2\/posts\/7773\/revisions\/7776"}],"wp:attachment":[{"href":"https:\/\/sajec.de\/blog\/wp-json\/wp\/v2\/media?parent=7773"}],"wp:term":[{"taxonomy":"category","embeddable":true,"href":"https:\/\/sajec.de\/blog\/wp-json\/wp\/v2\/categories?post=7773"},{"taxonomy":"post_tag","embeddable":true,"href":"https:\/\/sajec.de\/blog\/wp-json\/wp\/v2\/tags?post=7773"}],"curies":[{"name":"wp","href":"https:\/\/api.w.org\/{rel}","templated":true}]}}