{"id":7994,"date":"2012-11-30T16:52:34","date_gmt":"2012-11-30T15:52:34","guid":{"rendered":"http:\/\/sajec.de\/blog\/?p=7994"},"modified":"2012-11-30T16:52:34","modified_gmt":"2012-11-30T15:52:34","slug":"auf-in-den-kampf","status":"publish","type":"post","link":"https:\/\/sajec.de\/blog\/auf-in-den-kampf\/","title":{"rendered":"Auf in den Kampf"},"content":{"rendered":"<p>&#8230; aber erst noch einen Kaffee gem\u00fctlich auf dem Sofa in mich hineinkippen.<\/p>\n<p>Was f\u00fcr eine Woche!<\/p>\n<p>Und sie ist noch nicht vorbei, denn heute startet das K\u00fcchenausr\u00e4umwochenende. Und das Wochenende kam sp\u00e4t, weil im B\u00fcro einfach zu viel zu tun ist f\u00fcr nur eine &#8211; noch dazu nur halbe &#8211; Arbeitskraft, also mich. Deswegen habe ich heute einfach mal 2 Stunden dran geh\u00e4ngt, denn ich hasse es, wenn schon Montage mit unerledigten Kram vom Freitag beginnen m\u00fcssen. Geschafft habe ich nat\u00fcrlich trotzdem nicht alles, weil w\u00e4hrend der lahmarschigsten Datensicherung aller B\u00fcros dieses Universums ich einfach nicht ins Programm komme und daneben stehen und zusehen, wie der Balken im Schneckentempo dahinkriecht, wollte ich auch nicht. Also hab ich noch ein paar K\u00e4schtel-Ablage-Sachen weggeheftet, die Post zum Postamt gebracht und mich dann nach hause geschlichen, wo &#8211; wie bereits erw\u00e4hnt &#8211; die K\u00fcchenrenovierung auf den Startschuss wartet.<\/p>\n<p>Aber wenigstens hat sich J. endlich gemeldet und sie klingt noch immer wie meine J., was mich unheimlich erleichtert. Was auch immer jetzt noch kommen mag, irgendwie kriegen wir das schon hin. Alles l\u00e4sst sich irgendwie regeln und ich lass mich von den Akten nicht unterkriegen; ich schaff das.<\/p>\n<p>Und dann gibt&#8217;s da ja noch supernatural &#8211; nach wie vor wichtiger Bestandteil in meiner Woche; und ohne Aussichten auf DEAN w\u00fcrde ich wohl nicht durchhalten. Aber wenn ihn H\u00f6lle und Fegefeuer nicht klein bekommen haben, dann schaff ich ja wohl das bisschen Arbeit und Haushalt auch!<\/p>\n<p>Okay &#8230;. ran an die Arbeit &#8230;.<\/p>\n","protected":false},"excerpt":{"rendered":"<p>&#8230; aber erst noch einen Kaffee gem\u00fctlich auf dem Sofa in mich hineinkippen. Was f\u00fcr eine Woche! Und sie ist noch nicht vorbei, denn heute startet das K\u00fcchenausr\u00e4umwochenende. Und das Wochenende kam sp\u00e4t, weil im B\u00fcro einfach zu viel zu &hellip; <a href=\"https:\/\/sajec.de\/blog\/auf-in-den-kampf\/\">Weiterlesen <span class=\"meta-nav\">&rarr;<\/span><\/a><\/p>\n","protected":false},"author":2,"featured_media":0,"comment_status":"open","ping_status":"open","sticky":false,"template":"","format":"standard","meta":{"ngg_post_thumbnail":0,"footnotes":""},"categories":[1,24],"tags":[],"class_list":["post-7994","post","type-post","status-publish","format-standard","hentry","category-tagebuch","category-status"],"_links":{"self":[{"href":"https:\/\/sajec.de\/blog\/wp-json\/wp\/v2\/posts\/7994","targetHints":{"allow":["GET"]}}],"collection":[{"href":"https:\/\/sajec.de\/blog\/wp-json\/wp\/v2\/posts"}],"about":[{"href":"https:\/\/sajec.de\/blog\/wp-json\/wp\/v2\/types\/post"}],"author":[{"embeddable":true,"href":"https:\/\/sajec.de\/blog\/wp-json\/wp\/v2\/users\/2"}],"replies":[{"embeddable":true,"href":"https:\/\/sajec.de\/blog\/wp-json\/wp\/v2\/comments?post=7994"}],"version-history":[{"count":1,"href":"https:\/\/sajec.de\/blog\/wp-json\/wp\/v2\/posts\/7994\/revisions"}],"predecessor-version":[{"id":7995,"href":"https:\/\/sajec.de\/blog\/wp-json\/wp\/v2\/posts\/7994\/revisions\/7995"}],"wp:attachment":[{"href":"https:\/\/sajec.de\/blog\/wp-json\/wp\/v2\/media?parent=7994"}],"wp:term":[{"taxonomy":"category","embeddable":true,"href":"https:\/\/sajec.de\/blog\/wp-json\/wp\/v2\/categories?post=7994"},{"taxonomy":"post_tag","embeddable":true,"href":"https:\/\/sajec.de\/blog\/wp-json\/wp\/v2\/tags?post=7994"}],"curies":[{"name":"wp","href":"https:\/\/api.w.org\/{rel}","templated":true}]}}