{"id":8316,"date":"2013-01-26T15:21:34","date_gmt":"2013-01-26T14:21:34","guid":{"rendered":"http:\/\/sajec.de\/blog\/?p=8316"},"modified":"2013-01-26T15:33:20","modified_gmt":"2013-01-26T14:33:20","slug":"habe-mir","status":"publish","type":"post","link":"https:\/\/sajec.de\/blog\/habe-mir\/","title":{"rendered":"Habe mir"},"content":{"rendered":"<p>&#8230; heute ein kleines bisschen ersten Fr\u00fchling in&#8217;s Wohnzimmer geholt:<\/p>\n<p><a href=\"http:\/\/sajec.de\/blog\/wp-content\/uploads\/2013\/01\/ersterFruehling2013.jpg\"><img loading=\"lazy\" decoding=\"async\" class=\"alignnone size-full wp-image-8317\" alt=\"ersterFruehling2013\" src=\"http:\/\/sajec.de\/blog\/wp-content\/uploads\/2013\/01\/ersterFruehling2013.jpg\" width=\"850\" height=\"568\" srcset=\"https:\/\/sajec.de\/blog\/wp-content\/uploads\/2013\/01\/ersterFruehling2013.jpg 850w, https:\/\/sajec.de\/blog\/wp-content\/uploads\/2013\/01\/ersterFruehling2013-300x200.jpg 300w, https:\/\/sajec.de\/blog\/wp-content\/uploads\/2013\/01\/ersterFruehling2013-150x100.jpg 150w, https:\/\/sajec.de\/blog\/wp-content\/uploads\/2013\/01\/ersterFruehling2013-400x267.jpg 400w\" sizes=\"auto, (max-width: 850px) 100vw, 850px\" \/><\/a><\/p>\n<p>Ich wei\u00df, wir stecken noch mitten im bitterkalten Winter und es werden noch einige eiskalte Wellen der Nordsee an das Ufer pl\u00e4tschern, bis es wirklich Fr\u00fchling sein wird; aber ich freue mich jetzt schon darauf. Obwohl ich den Winter, vor allem, wenn er viel Schnee mit sich bringt, auch sehr mag.<\/p>\n<p>Gestern z. B., \u00a0nach den eisigen Temperaturen der Nacht, sah die Welt Raureif-verzuckert und wundersch\u00f6n aus.<\/p>\n<p>Und trotzdem tr\u00e4ume ich bereits vom Fr\u00fchling 2013.<\/p>\n","protected":false},"excerpt":{"rendered":"<p>&#8230; heute ein kleines bisschen ersten Fr\u00fchling in&#8217;s Wohnzimmer geholt: Ich wei\u00df, wir stecken noch mitten im bitterkalten Winter und es werden noch einige eiskalte Wellen der Nordsee an das Ufer pl\u00e4tschern, bis es wirklich Fr\u00fchling sein wird; aber ich &hellip; <a href=\"https:\/\/sajec.de\/blog\/habe-mir\/\">Weiterlesen <span class=\"meta-nav\">&rarr;<\/span><\/a><\/p>\n","protected":false},"author":2,"featured_media":0,"comment_status":"open","ping_status":"open","sticky":false,"template":"","format":"standard","meta":{"ngg_post_thumbnail":0,"footnotes":""},"categories":[5,1],"tags":[],"class_list":["post-8316","post","type-post","status-publish","format-standard","hentry","category-bilder","category-tagebuch"],"_links":{"self":[{"href":"https:\/\/sajec.de\/blog\/wp-json\/wp\/v2\/posts\/8316","targetHints":{"allow":["GET"]}}],"collection":[{"href":"https:\/\/sajec.de\/blog\/wp-json\/wp\/v2\/posts"}],"about":[{"href":"https:\/\/sajec.de\/blog\/wp-json\/wp\/v2\/types\/post"}],"author":[{"embeddable":true,"href":"https:\/\/sajec.de\/blog\/wp-json\/wp\/v2\/users\/2"}],"replies":[{"embeddable":true,"href":"https:\/\/sajec.de\/blog\/wp-json\/wp\/v2\/comments?post=8316"}],"version-history":[{"count":3,"href":"https:\/\/sajec.de\/blog\/wp-json\/wp\/v2\/posts\/8316\/revisions"}],"predecessor-version":[{"id":8320,"href":"https:\/\/sajec.de\/blog\/wp-json\/wp\/v2\/posts\/8316\/revisions\/8320"}],"wp:attachment":[{"href":"https:\/\/sajec.de\/blog\/wp-json\/wp\/v2\/media?parent=8316"}],"wp:term":[{"taxonomy":"category","embeddable":true,"href":"https:\/\/sajec.de\/blog\/wp-json\/wp\/v2\/categories?post=8316"},{"taxonomy":"post_tag","embeddable":true,"href":"https:\/\/sajec.de\/blog\/wp-json\/wp\/v2\/tags?post=8316"}],"curies":[{"name":"wp","href":"https:\/\/api.w.org\/{rel}","templated":true}]}}