{"id":8523,"date":"2013-02-13T16:45:00","date_gmt":"2013-02-13T15:45:00","guid":{"rendered":"http:\/\/sajec.de\/blog\/?p=8523"},"modified":"2013-02-13T16:56:13","modified_gmt":"2013-02-13T15:56:13","slug":"beautiful-british-columbia-3","status":"publish","type":"post","link":"https:\/\/sajec.de\/blog\/beautiful-british-columbia-3\/","title":{"rendered":"Beautiful British Columbia"},"content":{"rendered":"<p>Kaum zu glauben, dass das jetzt schon wieder ein halbes Jahr lang her ist.<\/p>\n<p><img loading=\"lazy\" decoding=\"async\" class=\"alignnone size-full wp-image-8525\" alt=\"BeautifulBritishColumbia\" src=\"http:\/\/sajec.de\/blog\/wp-content\/uploads\/2013\/02\/BeautifulBritishColumbia.jpg\" width=\"850\" height=\"624\" srcset=\"https:\/\/sajec.de\/blog\/wp-content\/uploads\/2013\/02\/BeautifulBritishColumbia.jpg 850w, https:\/\/sajec.de\/blog\/wp-content\/uploads\/2013\/02\/BeautifulBritishColumbia-300x220.jpg 300w, https:\/\/sajec.de\/blog\/wp-content\/uploads\/2013\/02\/BeautifulBritishColumbia-150x110.jpg 150w, https:\/\/sajec.de\/blog\/wp-content\/uploads\/2013\/02\/BeautifulBritishColumbia-400x293.jpg 400w\" sizes=\"auto, (max-width: 850px) 100vw, 850px\" \/><\/p>\n<p><!--more--><\/p>\n<p>Es ist gerade ziemlich ruhig im Nachmittagsb\u00fcro, so dass ich in Ruhe nach erledigter B\u00fcroarbeit noch ein bisschen in meinen immer mit mir gef\u00fchrten Vancouver-Bildern &#8222;bl\u00e4ttern&#8220; kann. Hach, ich habe gerade wirklich Sehnsucht nach meinem Traumland.<\/p>\n<p>Aber jetzt &#8211; da sie die 9. Staffel f\u00fcr supernatural auch offiziell best\u00e4tigt haben &#8211; fassen wir mal konkret <strong>2014<\/strong> als R\u00fcckkehrjahr ins Auge. Auch wenn es dann nicht wieder 4,5 Wochen sein werden, sondern m\u00f6glicherweise nur 2 oder gar weniger &#8211; alles in mir sehnt sich nach Canada, nach seiner umwerfend sch\u00f6nen und atemberaubenden Landschaft, nach den Bergen, Seen, W\u00e4ldern, Felsen, Wasserf\u00e4llen, Gletschern, den Hot Tubs, nach dem Meer und dem Wind, nach den Parks mit seinen Squirrels, nach Vancouver, sogar nach dem Gro\u00dfstadttrubel dort, nach supernatural-Atmosph\u00e4re hautnah, nach den Menschen und nach canadischem Fr\u00fchst\u00fcck und den gro\u00dfen K\u00f6rnerk\u00e4sepackungen. Meine Seele verlangt nach Canada.<\/p>\n","protected":false},"excerpt":{"rendered":"<p>Kaum zu glauben, dass das jetzt schon wieder ein halbes Jahr lang her ist.<\/p>\n","protected":false},"author":2,"featured_media":0,"comment_status":"open","ping_status":"open","sticky":false,"template":"","format":"standard","meta":{"ngg_post_thumbnail":0,"footnotes":""},"categories":[5,1,19],"tags":[],"class_list":["post-8523","post","type-post","status-publish","format-standard","hentry","category-bilder","category-tagebuch","category-vancouver"],"_links":{"self":[{"href":"https:\/\/sajec.de\/blog\/wp-json\/wp\/v2\/posts\/8523","targetHints":{"allow":["GET"]}}],"collection":[{"href":"https:\/\/sajec.de\/blog\/wp-json\/wp\/v2\/posts"}],"about":[{"href":"https:\/\/sajec.de\/blog\/wp-json\/wp\/v2\/types\/post"}],"author":[{"embeddable":true,"href":"https:\/\/sajec.de\/blog\/wp-json\/wp\/v2\/users\/2"}],"replies":[{"embeddable":true,"href":"https:\/\/sajec.de\/blog\/wp-json\/wp\/v2\/comments?post=8523"}],"version-history":[{"count":7,"href":"https:\/\/sajec.de\/blog\/wp-json\/wp\/v2\/posts\/8523\/revisions"}],"predecessor-version":[{"id":8532,"href":"https:\/\/sajec.de\/blog\/wp-json\/wp\/v2\/posts\/8523\/revisions\/8532"}],"wp:attachment":[{"href":"https:\/\/sajec.de\/blog\/wp-json\/wp\/v2\/media?parent=8523"}],"wp:term":[{"taxonomy":"category","embeddable":true,"href":"https:\/\/sajec.de\/blog\/wp-json\/wp\/v2\/categories?post=8523"},{"taxonomy":"post_tag","embeddable":true,"href":"https:\/\/sajec.de\/blog\/wp-json\/wp\/v2\/tags?post=8523"}],"curies":[{"name":"wp","href":"https:\/\/api.w.org\/{rel}","templated":true}]}}