{"id":9012,"date":"2013-05-20T12:09:20","date_gmt":"2013-05-20T10:09:20","guid":{"rendered":"http:\/\/sajec.de\/blog\/?p=9012"},"modified":"2013-05-20T20:03:23","modified_gmt":"2013-05-20T18:03:23","slug":"deichimpressionen","status":"publish","type":"post","link":"https:\/\/sajec.de\/blog\/deichimpressionen\/","title":{"rendered":"Deichimpressionen"},"content":{"rendered":"<p><img loading=\"lazy\" decoding=\"async\" class=\"alignnone size-full wp-image-9013\" alt=\"Deichimpressionen\" src=\"http:\/\/sajec.de\/blog\/wp-content\/uploads\/2013\/05\/Deichimpressionen.jpg\" width=\"850\" height=\"638\" srcset=\"https:\/\/sajec.de\/blog\/wp-content\/uploads\/2013\/05\/Deichimpressionen.jpg 850w, https:\/\/sajec.de\/blog\/wp-content\/uploads\/2013\/05\/Deichimpressionen-300x225.jpg 300w, https:\/\/sajec.de\/blog\/wp-content\/uploads\/2013\/05\/Deichimpressionen-150x112.jpg 150w, https:\/\/sajec.de\/blog\/wp-content\/uploads\/2013\/05\/Deichimpressionen-400x300.jpg 400w\" sizes=\"auto, (max-width: 850px) 100vw, 850px\" \/><\/p>\n<p><img loading=\"lazy\" decoding=\"async\" class=\"size-full wp-image-9016 alignnone\" alt=\"Deichimpressionen-Hafen\" src=\"http:\/\/sajec.de\/blog\/wp-content\/uploads\/2013\/05\/Deichimpressionen-Hafen.jpg\" width=\"850\" height=\"567\" srcset=\"https:\/\/sajec.de\/blog\/wp-content\/uploads\/2013\/05\/Deichimpressionen-Hafen.jpg 850w, https:\/\/sajec.de\/blog\/wp-content\/uploads\/2013\/05\/Deichimpressionen-Hafen-300x200.jpg 300w, https:\/\/sajec.de\/blog\/wp-content\/uploads\/2013\/05\/Deichimpressionen-Hafen-150x100.jpg 150w, https:\/\/sajec.de\/blog\/wp-content\/uploads\/2013\/05\/Deichimpressionen-Hafen-400x266.jpg 400w\" sizes=\"auto, (max-width: 850px) 100vw, 850px\" \/><\/p>\n<p>Bremerhaven von der anderen Weser-Seite aus im Mai 2013 fotografiert.<\/p>\n<p><img loading=\"lazy\" decoding=\"async\" class=\"alignnone size-full wp-image-9021\" alt=\"feuerwerk\" src=\"http:\/\/sajec.de\/blog\/wp-content\/uploads\/2013\/05\/feuerwerk.jpg\" width=\"850\" height=\"618\" srcset=\"https:\/\/sajec.de\/blog\/wp-content\/uploads\/2013\/05\/feuerwerk.jpg 850w, https:\/\/sajec.de\/blog\/wp-content\/uploads\/2013\/05\/feuerwerk-300x218.jpg 300w, https:\/\/sajec.de\/blog\/wp-content\/uploads\/2013\/05\/feuerwerk-150x109.jpg 150w, https:\/\/sajec.de\/blog\/wp-content\/uploads\/2013\/05\/feuerwerk-400x290.jpg 400w\" sizes=\"auto, (max-width: 850px) 100vw, 850px\" \/><\/p>\n<p>Nachtaufnahmen gehen eindeutig besser, wenn man ein Stativ hat. Allerdings brauche ich ein h\u00f6heres und vor allem eines, dass ich besser steuern kann, denn ich eh ich eingestellt hatte, wo das Feuerwerk eventuell die Sternenfunken hinspukt, war es schon fast wieder vorbei. Zum Gl\u00fcck waren wir \u00fcberhaupt ein paar Minuten eher am Beobachtungsposten des Bremerhavener Feuerwerks. Angek\u00fcndigt war es f\u00fcr 22 Uhr, aber schon 10 Minuten vorher ging es mit dem Geb\u00f6ller los. Einige kamen dann auch prompt zu sp\u00e4t erst an den Deich sahen nur noch die Rauchschwaden.<\/p>\n<p><img loading=\"lazy\" decoding=\"async\" class=\"alignnone size-full wp-image-9024\" alt=\"Deichimpressionen1\" src=\"http:\/\/sajec.de\/blog\/wp-content\/uploads\/2013\/05\/Deichimpressionen1.jpg\" width=\"850\" height=\"638\" srcset=\"https:\/\/sajec.de\/blog\/wp-content\/uploads\/2013\/05\/Deichimpressionen1.jpg 850w, https:\/\/sajec.de\/blog\/wp-content\/uploads\/2013\/05\/Deichimpressionen1-300x225.jpg 300w, https:\/\/sajec.de\/blog\/wp-content\/uploads\/2013\/05\/Deichimpressionen1-150x112.jpg 150w, https:\/\/sajec.de\/blog\/wp-content\/uploads\/2013\/05\/Deichimpressionen1-400x300.jpg 400w\" sizes=\"auto, (max-width: 850px) 100vw, 850px\" \/><\/p>\n<p><img loading=\"lazy\" decoding=\"async\" class=\"alignnone size-full wp-image-9027\" alt=\"Deichimpressionen2\" src=\"http:\/\/sajec.de\/blog\/wp-content\/uploads\/2013\/05\/Deichimpressionen2.jpg\" width=\"850\" height=\"638\" srcset=\"https:\/\/sajec.de\/blog\/wp-content\/uploads\/2013\/05\/Deichimpressionen2.jpg 850w, https:\/\/sajec.de\/blog\/wp-content\/uploads\/2013\/05\/Deichimpressionen2-300x225.jpg 300w, https:\/\/sajec.de\/blog\/wp-content\/uploads\/2013\/05\/Deichimpressionen2-150x112.jpg 150w, https:\/\/sajec.de\/blog\/wp-content\/uploads\/2013\/05\/Deichimpressionen2-400x300.jpg 400w\" sizes=\"auto, (max-width: 850px) 100vw, 850px\" \/><\/p>\n","protected":false},"excerpt":{"rendered":"<p>Bremerhaven von der anderen Weser-Seite aus im Mai 2013 fotografiert. Nachtaufnahmen gehen eindeutig besser, wenn man ein Stativ hat. Allerdings brauche ich ein h\u00f6heres und vor allem eines, dass ich besser steuern kann, denn ich eh ich eingestellt hatte, wo &hellip; <a href=\"https:\/\/sajec.de\/blog\/deichimpressionen\/\">Weiterlesen <span class=\"meta-nav\">&rarr;<\/span><\/a><\/p>\n","protected":false},"author":2,"featured_media":0,"comment_status":"open","ping_status":"open","sticky":false,"template":"","format":"standard","meta":{"ngg_post_thumbnail":0,"footnotes":""},"categories":[5],"tags":[],"class_list":["post-9012","post","type-post","status-publish","format-standard","hentry","category-bilder"],"_links":{"self":[{"href":"https:\/\/sajec.de\/blog\/wp-json\/wp\/v2\/posts\/9012","targetHints":{"allow":["GET"]}}],"collection":[{"href":"https:\/\/sajec.de\/blog\/wp-json\/wp\/v2\/posts"}],"about":[{"href":"https:\/\/sajec.de\/blog\/wp-json\/wp\/v2\/types\/post"}],"author":[{"embeddable":true,"href":"https:\/\/sajec.de\/blog\/wp-json\/wp\/v2\/users\/2"}],"replies":[{"embeddable":true,"href":"https:\/\/sajec.de\/blog\/wp-json\/wp\/v2\/comments?post=9012"}],"version-history":[{"count":11,"href":"https:\/\/sajec.de\/blog\/wp-json\/wp\/v2\/posts\/9012\/revisions"}],"predecessor-version":[{"id":9015,"href":"https:\/\/sajec.de\/blog\/wp-json\/wp\/v2\/posts\/9012\/revisions\/9015"}],"wp:attachment":[{"href":"https:\/\/sajec.de\/blog\/wp-json\/wp\/v2\/media?parent=9012"}],"wp:term":[{"taxonomy":"category","embeddable":true,"href":"https:\/\/sajec.de\/blog\/wp-json\/wp\/v2\/categories?post=9012"},{"taxonomy":"post_tag","embeddable":true,"href":"https:\/\/sajec.de\/blog\/wp-json\/wp\/v2\/tags?post=9012"}],"curies":[{"name":"wp","href":"https:\/\/api.w.org\/{rel}","templated":true}]}}