{"id":9500,"date":"2013-08-11T10:27:51","date_gmt":"2013-08-11T08:27:51","guid":{"rendered":"http:\/\/sajec.de\/blog\/?p=9500"},"modified":"2013-08-11T10:32:55","modified_gmt":"2013-08-11T08:32:55","slug":"blick-vom-oybin","status":"publish","type":"post","link":"https:\/\/sajec.de\/blog\/blick-vom-oybin\/","title":{"rendered":"Blick vom Oybin"},"content":{"rendered":"<p><img loading=\"lazy\" decoding=\"async\" class=\"alignnone size-full wp-image-9501\" alt=\"Oybin1\" src=\"http:\/\/sajec.de\/blog\/wp-content\/uploads\/2013\/08\/Oybin1.jpg\" width=\"850\" height=\"567\" srcset=\"https:\/\/sajec.de\/blog\/wp-content\/uploads\/2013\/08\/Oybin1.jpg 850w, https:\/\/sajec.de\/blog\/wp-content\/uploads\/2013\/08\/Oybin1-300x200.jpg 300w, https:\/\/sajec.de\/blog\/wp-content\/uploads\/2013\/08\/Oybin1-150x100.jpg 150w, https:\/\/sajec.de\/blog\/wp-content\/uploads\/2013\/08\/Oybin1-400x266.jpg 400w\" sizes=\"auto, (max-width: 850px) 100vw, 850px\" \/><\/p>\n<p>Die n\u00e4chsten Eintr\u00e4ge werden vom Zittauer Gebirge handeln &#8211; quasi mein Spielplatz, als ich Kind war. Ich liebte die Berge und die Felsen und die W\u00e4lder; und sie jetzt wiederzusehen, war \u00fcberw\u00e4ltigend. Der Geruch der Fichten nach dem Sommerregen, das Zirpen der Grillen auf den Sommerwiesen, die Felsformationen &#8230;<\/p>\n","protected":false},"excerpt":{"rendered":"<p>Die n\u00e4chsten Eintr\u00e4ge werden vom Zittauer Gebirge handeln &#8211; quasi mein Spielplatz, als ich Kind war. Ich liebte die Berge und die Felsen und die W\u00e4lder; und sie jetzt wiederzusehen, war \u00fcberw\u00e4ltigend. Der Geruch der Fichten nach dem Sommerregen, das &hellip; <a href=\"https:\/\/sajec.de\/blog\/blick-vom-oybin\/\">Weiterlesen <span class=\"meta-nav\">&rarr;<\/span><\/a><\/p>\n","protected":false},"author":2,"featured_media":0,"comment_status":"open","ping_status":"open","sticky":false,"template":"","format":"standard","meta":{"ngg_post_thumbnail":0,"footnotes":""},"categories":[5,13],"tags":[],"class_list":["post-9500","post","type-post","status-publish","format-standard","hentry","category-bilder","category-scherbenglanz"],"_links":{"self":[{"href":"https:\/\/sajec.de\/blog\/wp-json\/wp\/v2\/posts\/9500","targetHints":{"allow":["GET"]}}],"collection":[{"href":"https:\/\/sajec.de\/blog\/wp-json\/wp\/v2\/posts"}],"about":[{"href":"https:\/\/sajec.de\/blog\/wp-json\/wp\/v2\/types\/post"}],"author":[{"embeddable":true,"href":"https:\/\/sajec.de\/blog\/wp-json\/wp\/v2\/users\/2"}],"replies":[{"embeddable":true,"href":"https:\/\/sajec.de\/blog\/wp-json\/wp\/v2\/comments?post=9500"}],"version-history":[{"count":1,"href":"https:\/\/sajec.de\/blog\/wp-json\/wp\/v2\/posts\/9500\/revisions"}],"predecessor-version":[{"id":9502,"href":"https:\/\/sajec.de\/blog\/wp-json\/wp\/v2\/posts\/9500\/revisions\/9502"}],"wp:attachment":[{"href":"https:\/\/sajec.de\/blog\/wp-json\/wp\/v2\/media?parent=9500"}],"wp:term":[{"taxonomy":"category","embeddable":true,"href":"https:\/\/sajec.de\/blog\/wp-json\/wp\/v2\/categories?post=9500"},{"taxonomy":"post_tag","embeddable":true,"href":"https:\/\/sajec.de\/blog\/wp-json\/wp\/v2\/tags?post=9500"}],"curies":[{"name":"wp","href":"https:\/\/api.w.org\/{rel}","templated":true}]}}