{"id":9523,"date":"2013-08-12T21:39:02","date_gmt":"2013-08-12T19:39:02","guid":{"rendered":"http:\/\/sajec.de\/blog\/?p=9523"},"modified":"2013-08-12T21:39:02","modified_gmt":"2013-08-12T19:39:02","slug":"short-update-after-vacation","status":"publish","type":"post","link":"https:\/\/sajec.de\/blog\/short-update-after-vacation\/","title":{"rendered":"Short Update after vacation"},"content":{"rendered":"<p>Der Montag war gar nicht so garstig, wie gestern Abend im Bett noch bef\u00fcrchtet. Nat\u00fcrlich habe ich nicht so recht geschlafen; habe mich herumgew\u00e4lzt und in meinem Unterbewusstsein fl\u00fcsterten st\u00e4ndig Stimmen: Was wird dich wohl erwarten? Wie viele Aktenberge werden sich t\u00fcrmen? Ver\u00e4nderungen? Hiobsbotschaften? Unerledigte Altlasten, die sich aufb\u00e4umen und mich am ersten Arbeitstag erschlagen werden?<br \/>\nAber nichts von dem. Na gut, Aktenstapel, aber die hatte ich ja erwartet. Die sammeln sich immer, wenn ich mal ein paar Tage nicht im B\u00fcro bin.<\/p>\n<p>Jedenfalls war dieser Montag dann gar nicht so garstig zu mir. Im Gegenteil &#8211; die Arbeit flutschte und mein &#8222;neuer&#8220; schneller Vormittags-PC lebte auch noch und schnurrte vor Vergn\u00fcgen, mich wieder zu haben. Ich glaube, mein Vormittags-Boss schnurrte auch ein bisschen; aber das hatte sicher noch andere Gr\u00fcnde. Im Nachmittagsb\u00fcro wartete meine Lieblingsarbeit auf mich: Synopsen &#8211; Synopsen &#8211; Synopsen. Yeah!<\/p>\n<p>Der Feierabend kam dann auch p\u00fcnktlich und mit ihm das zufriedene Gef\u00fchl, was geschafft zu haben; sogar vermisst worden zu sein.<\/p>\n<p>Einziges Wehrmutstr\u00f6pfchen der letzten Tage: Durch das reichhaltige Fr\u00fchst\u00fcck (und zu oft auch noch reichhaltigeres Abendessen in diversen Gastst\u00e4tten meiner alten Heimat, kombiniert mit Eiscreme und Kuchen \u00fcber den Tag verteilt) habe ich seit Tagen ein schlechtes Gewissen &#8211; und trau mich nicht auf die Waage. Obwohl wir auch viel gelaufen und gewandert sind und die ungewohnten H\u00f6henmeter Wadenschmerzen verursachten, habe ich das Gef\u00fchl, es ein bisschen zu gut mit dem Schlemmen gemeint zu haben. Und was war eigentlich mit dem Vorsatz passiert, w\u00e4hrend des 2w\u00f6chigen Urlaubes wenigstens jeden 2. Tag sich eine Stunde sportlich zu bewegen? Gut, am ersten Montag gab es die 40 km-Fahrradtour und am Dienstag war ich Schwimmen. Und dann? N\u00fcx. Faul die Sommertage auf Balkon und im Bett oder vor dem Fernseher verbracht. Und nun trau ich mich eben nicht auf die Waage, aus Angst, sie schleudert mir erbarmungslos alle Kalorien- und Faulheitss\u00fcnden der letzten Tage in Form einer giftigen &#8222;mehr-als-71-kg&#8220;-Anzeige entgegen.<\/p>\n<p>Deswegen habe ich mit mir einen Deal geschlossen: Jetzt &#8211; back im Arbeitsalltag &#8211; wird wieder darauf geachtet, was ich wann esse. Und nat\u00fcrlich regelm\u00e4\u00dfig Sport! Am Sonnabend Morgen war ich Laufen, und gerade bin ich vom Ergometerchen gefallen. Und Ende August werde ich mich dann auch wieder auf die Waage stellen, versprochen! Eigentlich f\u00fchle ich mich aber gut, voller Energie, und alle neu angeschafften Hosen, R\u00f6cke, T-Shirts und Blusen passen noch und kneifen nicht. Das ist doch ein gutes Zeichen, oder? Also: Dranbleiben!<\/p>\n","protected":false},"excerpt":{"rendered":"<p>Der Montag war gar nicht so garstig, wie gestern Abend im Bett noch bef\u00fcrchtet. Nat\u00fcrlich habe ich nicht so recht geschlafen; habe mich herumgew\u00e4lzt und in meinem Unterbewusstsein fl\u00fcsterten st\u00e4ndig Stimmen: Was wird dich wohl erwarten? Wie viele Aktenberge werden &hellip; <a href=\"https:\/\/sajec.de\/blog\/short-update-after-vacation\/\">Weiterlesen <span class=\"meta-nav\">&rarr;<\/span><\/a><\/p>\n","protected":false},"author":2,"featured_media":0,"comment_status":"open","ping_status":"open","sticky":false,"template":"","format":"standard","meta":{"ngg_post_thumbnail":0,"footnotes":""},"categories":[21,1],"tags":[],"class_list":["post-9523","post","type-post","status-publish","format-standard","hentry","category-abnehmen","category-tagebuch"],"_links":{"self":[{"href":"https:\/\/sajec.de\/blog\/wp-json\/wp\/v2\/posts\/9523","targetHints":{"allow":["GET"]}}],"collection":[{"href":"https:\/\/sajec.de\/blog\/wp-json\/wp\/v2\/posts"}],"about":[{"href":"https:\/\/sajec.de\/blog\/wp-json\/wp\/v2\/types\/post"}],"author":[{"embeddable":true,"href":"https:\/\/sajec.de\/blog\/wp-json\/wp\/v2\/users\/2"}],"replies":[{"embeddable":true,"href":"https:\/\/sajec.de\/blog\/wp-json\/wp\/v2\/comments?post=9523"}],"version-history":[{"count":1,"href":"https:\/\/sajec.de\/blog\/wp-json\/wp\/v2\/posts\/9523\/revisions"}],"predecessor-version":[{"id":9524,"href":"https:\/\/sajec.de\/blog\/wp-json\/wp\/v2\/posts\/9523\/revisions\/9524"}],"wp:attachment":[{"href":"https:\/\/sajec.de\/blog\/wp-json\/wp\/v2\/media?parent=9523"}],"wp:term":[{"taxonomy":"category","embeddable":true,"href":"https:\/\/sajec.de\/blog\/wp-json\/wp\/v2\/categories?post=9523"},{"taxonomy":"post_tag","embeddable":true,"href":"https:\/\/sajec.de\/blog\/wp-json\/wp\/v2\/tags?post=9523"}],"curies":[{"name":"wp","href":"https:\/\/api.w.org\/{rel}","templated":true}]}}