{"id":9525,"date":"2013-08-12T21:48:42","date_gmt":"2013-08-12T19:48:42","guid":{"rendered":"http:\/\/sajec.de\/blog\/?p=9525"},"modified":"2013-08-12T21:55:00","modified_gmt":"2013-08-12T19:55:00","slug":"kelchstein-in-oybin","status":"publish","type":"post","link":"https:\/\/sajec.de\/blog\/kelchstein-in-oybin\/","title":{"rendered":"Kelchstein (in Oybin)"},"content":{"rendered":"<p>Derartige Felsformationen findet man im ganzen Zittauer Gebirge: \u00a0<img loading=\"lazy\" decoding=\"async\" class=\"alignnone size-full wp-image-9526\" alt=\"Felsen1\" src=\"http:\/\/sajec.de\/blog\/wp-content\/uploads\/2013\/08\/Felsen1.jpg\" width=\"850\" height=\"567\" srcset=\"https:\/\/sajec.de\/blog\/wp-content\/uploads\/2013\/08\/Felsen1.jpg 850w, https:\/\/sajec.de\/blog\/wp-content\/uploads\/2013\/08\/Felsen1-300x200.jpg 300w, https:\/\/sajec.de\/blog\/wp-content\/uploads\/2013\/08\/Felsen1-150x100.jpg 150w, https:\/\/sajec.de\/blog\/wp-content\/uploads\/2013\/08\/Felsen1-400x266.jpg 400w\" sizes=\"auto, (max-width: 850px) 100vw, 850px\" \/><\/p>\n<p><a href=\"http:\/\/sajec.de\/blog\/wp-content\/uploads\/2013\/08\/Felsen2.jpg\"><img loading=\"lazy\" decoding=\"async\" class=\"alignnone size-full wp-image-9527\" alt=\"Felsen2\" src=\"http:\/\/sajec.de\/blog\/wp-content\/uploads\/2013\/08\/Felsen2.jpg\" width=\"850\" height=\"567\" srcset=\"https:\/\/sajec.de\/blog\/wp-content\/uploads\/2013\/08\/Felsen2.jpg 850w, https:\/\/sajec.de\/blog\/wp-content\/uploads\/2013\/08\/Felsen2-300x200.jpg 300w, https:\/\/sajec.de\/blog\/wp-content\/uploads\/2013\/08\/Felsen2-150x100.jpg 150w, https:\/\/sajec.de\/blog\/wp-content\/uploads\/2013\/08\/Felsen2-400x266.jpg 400w\" sizes=\"auto, (max-width: 850px) 100vw, 850px\" \/><\/a><\/p>\n<p>F\u00fcr mich sehen diese hier aber auch heute noch eher aus wie &#8222;Nischel&#8220; (Sch\u00e4del, K\u00f6pfe). Und Alfred H\u00fcttler m\u00f6chte ich auch nicht hei\u00dfen. *lach*<\/p>\n<p><img loading=\"lazy\" decoding=\"async\" class=\"alignnone size-full wp-image-9531\" alt=\"Felsen3\" src=\"http:\/\/sajec.de\/blog\/wp-content\/uploads\/2013\/08\/Felsen3.jpg\" width=\"850\" height=\"567\" srcset=\"https:\/\/sajec.de\/blog\/wp-content\/uploads\/2013\/08\/Felsen3.jpg 850w, https:\/\/sajec.de\/blog\/wp-content\/uploads\/2013\/08\/Felsen3-300x200.jpg 300w, https:\/\/sajec.de\/blog\/wp-content\/uploads\/2013\/08\/Felsen3-150x100.jpg 150w, https:\/\/sajec.de\/blog\/wp-content\/uploads\/2013\/08\/Felsen3-400x266.jpg 400w\" sizes=\"auto, (max-width: 850px) 100vw, 850px\" \/><\/p>\n","protected":false},"excerpt":{"rendered":"<p>Derartige Felsformationen findet man im ganzen Zittauer Gebirge: \u00a0 F\u00fcr mich sehen diese hier aber auch heute noch eher aus wie &#8222;Nischel&#8220; (Sch\u00e4del, K\u00f6pfe). Und Alfred H\u00fcttler m\u00f6chte ich auch nicht hei\u00dfen. *lach*<\/p>\n","protected":false},"author":2,"featured_media":0,"comment_status":"open","ping_status":"open","sticky":false,"template":"","format":"standard","meta":{"ngg_post_thumbnail":0,"footnotes":""},"categories":[5],"tags":[],"class_list":["post-9525","post","type-post","status-publish","format-standard","hentry","category-bilder"],"_links":{"self":[{"href":"https:\/\/sajec.de\/blog\/wp-json\/wp\/v2\/posts\/9525","targetHints":{"allow":["GET"]}}],"collection":[{"href":"https:\/\/sajec.de\/blog\/wp-json\/wp\/v2\/posts"}],"about":[{"href":"https:\/\/sajec.de\/blog\/wp-json\/wp\/v2\/types\/post"}],"author":[{"embeddable":true,"href":"https:\/\/sajec.de\/blog\/wp-json\/wp\/v2\/users\/2"}],"replies":[{"embeddable":true,"href":"https:\/\/sajec.de\/blog\/wp-json\/wp\/v2\/comments?post=9525"}],"version-history":[{"count":4,"href":"https:\/\/sajec.de\/blog\/wp-json\/wp\/v2\/posts\/9525\/revisions"}],"predecessor-version":[{"id":9532,"href":"https:\/\/sajec.de\/blog\/wp-json\/wp\/v2\/posts\/9525\/revisions\/9532"}],"wp:attachment":[{"href":"https:\/\/sajec.de\/blog\/wp-json\/wp\/v2\/media?parent=9525"}],"wp:term":[{"taxonomy":"category","embeddable":true,"href":"https:\/\/sajec.de\/blog\/wp-json\/wp\/v2\/categories?post=9525"},{"taxonomy":"post_tag","embeddable":true,"href":"https:\/\/sajec.de\/blog\/wp-json\/wp\/v2\/tags?post=9525"}],"curies":[{"name":"wp","href":"https:\/\/api.w.org\/{rel}","templated":true}]}}