{"id":9533,"date":"2013-08-16T16:24:16","date_gmt":"2013-08-16T14:24:16","guid":{"rendered":"http:\/\/sajec.de\/blog\/?p=9533"},"modified":"2013-08-16T16:24:16","modified_gmt":"2013-08-16T14:24:16","slug":"freitags-update-3","status":"publish","type":"post","link":"https:\/\/sajec.de\/blog\/freitags-update-3\/","title":{"rendered":"Freitags-Update"},"content":{"rendered":"<p>Die erste Arbeitswoche nach dem Urlaub liegt nun hinter mir. So weit &#8211; so gut.<\/p>\n<p>Die n\u00e4chsten Wochen werden sehr viel mehr anstrengend und kraftraubend, denn ich wechsel die Schichten. Das bedeutet, ich muss jetzt montags bis donnerstags schon um 5 aufstehen, um halbwegs p\u00fcnktlich in OL die erste Schicht antreten zu k\u00f6nnen. Anschlie\u00dfend d\u00fcse ich in das Anwaltsb\u00fcro und k\u00e4mpfe dort die n\u00e4chsten 5 Stunden gegen Aktenstapel und durch Formularlabyrinthe, bin dann aber trotzdem fr\u00fchestens 19 Uhr zu hause, bevor ich mein work out starten kann. Zusammen sind das jetzt jeden Tag mindestens eine Stunde l\u00e4nger auf den beinen und Vollspeed. Nach den vier Wochen werde ich vermutlich urlaubsreif sein! Aber ich schaff das!<\/p>\n<p>Heute war \u00fcbrigens ein merkw\u00fcrdiger Tag! Im Vormittagsb\u00fcro war ich allein und habe glaube ich ziemlich gut was wegtippen und aufr\u00e4umen k\u00f6nnen. Das lief eigentlich ganz geschmeidig, auch wenn wie erwartet eine \u00dcberstunde dran geh\u00e4ngt werden musste, um halbwegs zufrieden ins Wochenende zu starten. Merkw\u00fcrdig war der Tag insofern, dass mir die ganze Zeit schon nicht dieser alberne Zombie-Traum nicht aus den Kopf will. Der sitzt da fest wie ein Ohrwurm im Geh\u00f6rgang. Wenn es wenigstens ein guter Traum gewesen w\u00e4re! Aber der war nur: merkw\u00fcrdig! Baumelnde abgemagerte Zombieleichen hingen auf einer Art orientalischen Basar herum; neben Schrumpfk\u00f6pfen und anderem Knochenzeugs. Ich lief \u00fcber diesen Markt und hatte ein ungutes Gef\u00fchl. Was sich dann auch best\u00e4tigte &#8211; pl\u00f6tzlich st\u00fcrmte eine Horde Zombies auf den Markt zu, alle schrien durcheinander und fl\u00fcchteten kreuz und quer chaotisch und ohne Sinn und Verstand. Glaubt mir, Zombies sind nicht lahm! Im Gegenteil! Ich rannte jedenfalls um mein Leben. Und wo zum Henker waren Sam &amp; Dean?! Eine M\u00fctze mit Haaren dran, die vermutlich Helge Schneider geh\u00f6rte, spielte auch eine Rolle; aber ich bekomme es gerade nicht mehr zusammengeflickt.<\/p>\n<p>Und wen wundert es dann noch, das sich &#8211; verpeilt wie ich nach diesem albernen Traum war &#8211; erst einmal den morgendlichen Fr\u00fchst\u00fccksbrei zu schwungvoll aus der Mikrowelle zerrte und damit die H\u00e4lfte senkrecht \u00fcber die K\u00fcchenschr\u00e4nke verteilte. Au\u00dferdem war das T-Shirt auch nach dem 2. Mal noch immer verkehrt herum angezogen und im B\u00fcro angekommen stellte ich fest, dass die Milch alle war. Hmpf!<\/p>\n<p>Aber wenigstens bin ich jetzt mit dem gr\u00f6bsten Hausputz durch. Das Schlafzimmer ben\u00f6tigt noch einen Gro\u00dfangriff, aber den starte ich erst morgen. Jetzt muss ich mich motivieren, die Schwimmhalle aufzusuchen um eine 1 Stunde Schwimmen zu absolvieren.<\/p>\n","protected":false},"excerpt":{"rendered":"<p>Die erste Arbeitswoche nach dem Urlaub liegt nun hinter mir. So weit &#8211; so gut. Die n\u00e4chsten Wochen werden sehr viel mehr anstrengend und kraftraubend, denn ich wechsel die Schichten. Das bedeutet, ich muss jetzt montags bis donnerstags schon um &hellip; <a href=\"https:\/\/sajec.de\/blog\/freitags-update-3\/\">Weiterlesen <span class=\"meta-nav\">&rarr;<\/span><\/a><\/p>\n","protected":false},"author":2,"featured_media":0,"comment_status":"open","ping_status":"open","sticky":false,"template":"","format":"standard","meta":{"ngg_post_thumbnail":0,"footnotes":""},"categories":[1,7],"tags":[],"class_list":["post-9533","post","type-post","status-publish","format-standard","hentry","category-tagebuch","category-traumsequenzen"],"_links":{"self":[{"href":"https:\/\/sajec.de\/blog\/wp-json\/wp\/v2\/posts\/9533","targetHints":{"allow":["GET"]}}],"collection":[{"href":"https:\/\/sajec.de\/blog\/wp-json\/wp\/v2\/posts"}],"about":[{"href":"https:\/\/sajec.de\/blog\/wp-json\/wp\/v2\/types\/post"}],"author":[{"embeddable":true,"href":"https:\/\/sajec.de\/blog\/wp-json\/wp\/v2\/users\/2"}],"replies":[{"embeddable":true,"href":"https:\/\/sajec.de\/blog\/wp-json\/wp\/v2\/comments?post=9533"}],"version-history":[{"count":1,"href":"https:\/\/sajec.de\/blog\/wp-json\/wp\/v2\/posts\/9533\/revisions"}],"predecessor-version":[{"id":9535,"href":"https:\/\/sajec.de\/blog\/wp-json\/wp\/v2\/posts\/9533\/revisions\/9535"}],"wp:attachment":[{"href":"https:\/\/sajec.de\/blog\/wp-json\/wp\/v2\/media?parent=9533"}],"wp:term":[{"taxonomy":"category","embeddable":true,"href":"https:\/\/sajec.de\/blog\/wp-json\/wp\/v2\/categories?post=9533"},{"taxonomy":"post_tag","embeddable":true,"href":"https:\/\/sajec.de\/blog\/wp-json\/wp\/v2\/tags?post=9533"}],"curies":[{"name":"wp","href":"https:\/\/api.w.org\/{rel}","templated":true}]}}