{"id":9563,"date":"2013-08-24T20:26:30","date_gmt":"2013-08-24T18:26:30","guid":{"rendered":"http:\/\/sajec.de\/blog\/?p=9563"},"modified":"2013-08-24T20:26:30","modified_gmt":"2013-08-24T18:26:30","slug":"ich-werde-rauchfrei","status":"publish","type":"post","link":"https:\/\/sajec.de\/blog\/ich-werde-rauchfrei\/","title":{"rendered":"Ich werde Rauchfrei!"},"content":{"rendered":"<p><strong>Wie lange rauche ich<\/strong> jetzt schon? Seit ich in den Norden gezogen bin, auf jeden Fall; also seit 2003\/2004. Gute 10 Jahre also wieder. (Erkl\u00e4rung: Als ich 16 &#8211; 18 Jahre alt war, hab ich auch geraucht. Aus reiner Neugier. Dann wurde ich schwanger und habe von einem Tag zum anderen 1989 aufgeh\u00f6rt.)<\/p>\n<p><strong>Warum rauche ich?<\/strong> Meistens aus Langeweile, Nervosit\u00e4t, Gewohnheit, zur Ablenkung, nach dem Essen und weil eben andere auch rauchen.<\/p>\n<p>Und <strong>wieso will ich jetzt damit aufh\u00f6ren?<\/strong> Ganz einfach! Ich muss Geld f\u00fcr die supernatural CON(s) sparen!<br \/>\nWenn ich mal zusammenrechne: Pro Woche verpuffe ich ca. 1,5 Schachteln WEST SILVER f\u00fcr ca. 10 \u20ac. Das mal 52 Wochen macht im Jahr einen Betrag von 520,00 \u20ac, den ich einfach mal in die Luft blase. Hey, das ist ein JIB-Angel Pass!<\/p>\n<p><strong>Und deswegen ist jetzt damit Schluss!<\/strong> Rein aus \u00f6konomischen Gr\u00fcnden heraus. Ich bin jetzt einfach mal zu geizig, Geld f\u00fcr die Raucherei auszugeben. Wie sich das auf meine Abnehmerei auswirken wird, wird sich zeigen. Auch, ob von nun an ein launisches Karniggel rumzickt und unleidlich ihren Mitmenschen tierisch und unausgeglichen auf den Keks geht.<\/p>\n<p>Seit heute 15 Uhr habe ich keine Zigaretten mehr; und ich habe auch nicht vor, mir welche zu kaufen. Noch geht es mir gut, auch wenn ich merke, dass jetzt &#8211; zum Abend hin &#8211; so die Gewohnheiten herumbr\u00fcllen: Jetzt eben mal gen\u00fcsslich eine auf dem Balkon durchziehen. Aber n\u00f6, ist nicht! Knuffel hat \u00fcbrigens von der Aktion noch gar nichts bemerkt. Mal schauen, wann er erste Fragen stellt.<\/p>\n","protected":false},"excerpt":{"rendered":"<p>Wie lange rauche ich jetzt schon? Seit ich in den Norden gezogen bin, auf jeden Fall; also seit 2003\/2004. Gute 10 Jahre also wieder. (Erkl\u00e4rung: Als ich 16 &#8211; 18 Jahre alt war, hab ich auch geraucht. Aus reiner Neugier. &hellip; <a href=\"https:\/\/sajec.de\/blog\/ich-werde-rauchfrei\/\">Weiterlesen <span class=\"meta-nav\">&rarr;<\/span><\/a><\/p>\n","protected":false},"author":2,"featured_media":0,"comment_status":"open","ping_status":"open","sticky":false,"template":"","format":"standard","meta":{"ngg_post_thumbnail":0,"footnotes":""},"categories":[28],"tags":[],"class_list":["post-9563","post","type-post","status-publish","format-standard","hentry","category-rauchfrei"],"_links":{"self":[{"href":"https:\/\/sajec.de\/blog\/wp-json\/wp\/v2\/posts\/9563","targetHints":{"allow":["GET"]}}],"collection":[{"href":"https:\/\/sajec.de\/blog\/wp-json\/wp\/v2\/posts"}],"about":[{"href":"https:\/\/sajec.de\/blog\/wp-json\/wp\/v2\/types\/post"}],"author":[{"embeddable":true,"href":"https:\/\/sajec.de\/blog\/wp-json\/wp\/v2\/users\/2"}],"replies":[{"embeddable":true,"href":"https:\/\/sajec.de\/blog\/wp-json\/wp\/v2\/comments?post=9563"}],"version-history":[{"count":1,"href":"https:\/\/sajec.de\/blog\/wp-json\/wp\/v2\/posts\/9563\/revisions"}],"predecessor-version":[{"id":9564,"href":"https:\/\/sajec.de\/blog\/wp-json\/wp\/v2\/posts\/9563\/revisions\/9564"}],"wp:attachment":[{"href":"https:\/\/sajec.de\/blog\/wp-json\/wp\/v2\/media?parent=9563"}],"wp:term":[{"taxonomy":"category","embeddable":true,"href":"https:\/\/sajec.de\/blog\/wp-json\/wp\/v2\/categories?post=9563"},{"taxonomy":"post_tag","embeddable":true,"href":"https:\/\/sajec.de\/blog\/wp-json\/wp\/v2\/tags?post=9563"}],"curies":[{"name":"wp","href":"https:\/\/api.w.org\/{rel}","templated":true}]}}