{"id":9576,"date":"2013-08-30T19:18:42","date_gmt":"2013-08-30T17:18:42","guid":{"rendered":"http:\/\/sajec.de\/blog\/?p=9576"},"modified":"2013-08-30T19:18:42","modified_gmt":"2013-08-30T17:18:42","slug":"freitags-fazit","status":"publish","type":"post","link":"https:\/\/sajec.de\/blog\/freitags-fazit\/","title":{"rendered":"Freitags-Fazit"},"content":{"rendered":"<p>Was f\u00fcr eine anstrengende Woche; aber nun ist sie ja geschafft. Das noch zeitigere Aufstehen als sonst fordert Kraft, denn der Tag wird ja dadurch nicht k\u00fcrzer. Im Gegenteil; es h\u00e4ngt jetzt immer mindestens eine zus\u00e4tzliche Stunde am Arbeitspensum dran. Dabei hat sich herausgestellt, dass J. p\u00fcnktlichst in der Woche kurz nach 18 Uhr (oder auch schon mal fr\u00fcher, wenn Chef nicht da ist) alles fallen l\u00e4sst und entfleucht. Ich hab ziemlich komisch geguckt, ich ging ich doch immer davon aus, dass sie &#8211; wie sie mir mal sagte &#8211; st\u00e4ndig abends l\u00e4nger bleiben w\u00fcrde. Deswegen h\u00e4tte sie kein schlechtes Gewissen, wenn es morgens bei ihr manchmal etwas sp\u00e4ter wird. Naja &#8230;. die Realit\u00e4t sieht offensichtlich anders aus. Was mich betrifft, ich wollte diverse Arbeiten eben gern noch fertig haben, und deswegen bin ich selten in den letzten zwei Wochen abends p\u00fcnktlich aus dem B\u00fcro gekommen. Aber das war okay. Das, was ich fertig haben wollte, ist fertig; und Chef scheint&#8217;s zufrieden zu sein.<\/p>\n<p>Speaking of &#8222;Boss&#8220;: Chefchen ist wirklich urlaubsreif. In einer Woche tritt er seinen 2-Wochen-Jahresurlaub an. Das wird auch langsam Zeit, denn er wird ein bisschen bissig.<\/p>\n<p>Nun liegen also noch zwei weitere Wochen getauschten Schichtdienstes vor mir; und auch die werde ich noch rocken. Am Montag startet der neue Englisch-Kurs und ich freue mich darauf. Allerdings habe ich die ganzen Ferien \u00fcber kein bisschen englische Grammatik ge\u00fcbt. Das wird was werden!<\/p>\n<p>Heute stand ich nach 5 Wochen zum ersten Mal wider auf der Waage. Uppsala! H\u00e4tte ich vielleicht besser nicht tun sollen! 74,4 kg! Hallo? Ich hatte mit etwas mehr gerechnet, schlie\u00dflich war Urlaubszeit, Eiszeit, zu viel K\u00f6rnerk\u00e4se *zugeb* un Kohlenhydrate. Und trotzdem war ich erschrocken, denn ich habe ja nun nicht nur gefuttert, sondern war auch regelm\u00e4\u00dfig sportlich unterwegs!<\/p>\n<p><img loading=\"lazy\" decoding=\"async\" class=\"alignnone size-full wp-image-9577\" alt=\"SportaktivitaetenAugust2013\" src=\"http:\/\/sajec.de\/blog\/wp-content\/uploads\/2013\/08\/SportaktivitaetenAugust2013.jpg\" width=\"607\" height=\"410\" srcset=\"https:\/\/sajec.de\/blog\/wp-content\/uploads\/2013\/08\/SportaktivitaetenAugust2013.jpg 607w, https:\/\/sajec.de\/blog\/wp-content\/uploads\/2013\/08\/SportaktivitaetenAugust2013-300x202.jpg 300w, https:\/\/sajec.de\/blog\/wp-content\/uploads\/2013\/08\/SportaktivitaetenAugust2013-150x101.jpg 150w, https:\/\/sajec.de\/blog\/wp-content\/uploads\/2013\/08\/SportaktivitaetenAugust2013-400x270.jpg 400w\" sizes=\"auto, (max-width: 607px) 100vw, 607px\" \/><\/p>\n<p>Gut, da h\u00e4tte noch etwas mehr Schwimmen und Laufen stehen k\u00f6nnen, aber so schlecht sieht es nun auch nicht aus. Die erste Augustwoche war in dem Sinne auch nicht sportlich faul, denn da waren wir ja in den heimatlichen Bergen unterwegs, und dass das Sport war, erz\u00e4hlten die Waden noch tagelang und sehr \u00fcberzeugend!<\/p>\n<p>Nun ist ja eine Theorie &#8211; die ich auch favorisiere -, dass diese zus\u00e4tzlichen 3,5 kg Muskelmasse sind. Diese Theorie wird dahin gehend untermauert, dass ich noch keine neu gekauften T-Shirts oder die schwarze neue Lieblings-Cargo-Hose wieder in den Schrank zur\u00fccklegen musste, weil das Tragen &#8222;unentspannt&#8220; gewesen w\u00e4re. Die Klamotten passen also alle noch super gut.<\/p>\n<p>Nun wie auch immer: Ich werde jedenfalls aufpassen m\u00fcssen, den inneren Schweinehund keine Gelegenheit geben, die Oberhand zu gewinnen und mich nicht mehr von der family zu abendlicher Pizza \u00fcberreden zu lassen.<\/p>\n<p>Die Gewichtszunahme liegt \u00fcbrigens NICHT am Vorhaben &#8222;rauchfrei&#8220;! Da bin ich mir ziemlich sicher; denn obwohl ich\u00a0<del>nicht<\/del> kaum noch geraucht habe, begehe ich nicht den Fehler, den Zigarettenentzug mit S\u00fc\u00dfem auszugleichen.<\/p>\n<p>Das Vorhaben ist ja: Ich will keine Zigaretten mehr kaufen. Das habe ich die erste Woche auch durchgehalten und habe tapfer beim Tanken oder sonstigen Gelegenheiten der sonstigen Gewohnheit widerstanden, Glimmstengel zu ergattern. So weit, so gut. Zu angebotenen Zigaretten sage ich aber nicht Nein, und manchmal &#8211; das gebe ich freim\u00fctig zu &#8211; fehlt mir auch das Rauchen. Besonders abends im Anwaltsb\u00fcro; wenn ich relativ zufrieden mit mir, irgendwelche Schlammakten und Special Auftrags-Arbeiten abgearbeitet habe und noch auf einen kleinen abendlichen L\u00e4ster-Talk bei Chef bin &#8230; dann fehlt mir eine Zigarette. Aber Chef bietet keine an und ignoriert meine kleinen Andeutungen dahingehend gekonnt. *lach*<br \/>\nDas mit den Zigaretten-Schnorren wird sich sicherlich noch reduzieren, denn auf Dauer macht das sowieso niemand mit. Und mir ist es zuwider, darum wirklich zu betteln!<\/p>\n<p>Jedenfalls: Diese Woche habe ich kein Geld f\u00fcr Rauchzeugs ausgegeben und werde dementsprechend die ersten gesparten 10 \u20ac auf das Sparkonto schubsen.<\/p>\n<p>Dann kann ich noch vermelden, dass im Flur wieder Licht brennt. Meine G\u00fcte sind diese Leuchtdingers teuer geworden! War heute bei OBI und habe Gl\u00fchdingers erstanden. Warum das einen Eintrag Wert ist? Weil ich da erst festgestellt habe, dass eigentlich gar keine der Leuchtsteckdingers h\u00e4tte kaputt gehen d\u00fcrfen, denn immerhin steht da drauf: &#8222;Forever lightning&#8220;. Na, mit dem ewigen Licht ist es noch nicht so.<\/p>\n<p>Zum Schluss noch ein Wort zu Supernatural: Pro7 hat es ja geschafft und strahlt heute Abend erstmals Staffel 7 aus! Yeah (im Sarkasmus-Way). Also Supernatural in Deutsch ist echt ohrenbet\u00e4ubend. Vor allem Crowley, unser aller liebster King of Hell, spricht v\u00f6llig falsch auf deutsch und so ohne britischen Akzent; das ist einfach nicht sch\u00f6n. Aber gut, wir wollen nicht \u00a0meckern, immerhin bringen sie Supernatural. Ich muss mich sehr zur\u00fcckhalten, die armen deutschen Free-TV-Abh\u00e4ngigen nicht zu sehr zu bedauern. Das tat ich letztens; und handelte mir prompt ein &#8222;du-nervst!&#8220;-Mention ein. Dass ich das jetzt, eine Woche sp\u00e4ter, immer noch mit einem Eintrag versehe, zeigt, dass ich l\u00e4ngst nicht so dickh\u00e4utig bin, wie ich glaubte.<\/p>\n","protected":false},"excerpt":{"rendered":"<p>Was f\u00fcr eine anstrengende Woche; aber nun ist sie ja geschafft. Das noch zeitigere Aufstehen als sonst fordert Kraft, denn der Tag wird ja dadurch nicht k\u00fcrzer. Im Gegenteil; es h\u00e4ngt jetzt immer mindestens eine zus\u00e4tzliche Stunde am Arbeitspensum dran. &hellip; <a href=\"https:\/\/sajec.de\/blog\/freitags-fazit\/\">Weiterlesen <span class=\"meta-nav\">&rarr;<\/span><\/a><\/p>\n","protected":false},"author":2,"featured_media":0,"comment_status":"open","ping_status":"open","sticky":false,"template":"","format":"standard","meta":{"ngg_post_thumbnail":0,"footnotes":""},"categories":[21,1,28,6],"tags":[],"class_list":["post-9576","post","type-post","status-publish","format-standard","hentry","category-abnehmen","category-tagebuch","category-rauchfrei","category-supernatural"],"_links":{"self":[{"href":"https:\/\/sajec.de\/blog\/wp-json\/wp\/v2\/posts\/9576","targetHints":{"allow":["GET"]}}],"collection":[{"href":"https:\/\/sajec.de\/blog\/wp-json\/wp\/v2\/posts"}],"about":[{"href":"https:\/\/sajec.de\/blog\/wp-json\/wp\/v2\/types\/post"}],"author":[{"embeddable":true,"href":"https:\/\/sajec.de\/blog\/wp-json\/wp\/v2\/users\/2"}],"replies":[{"embeddable":true,"href":"https:\/\/sajec.de\/blog\/wp-json\/wp\/v2\/comments?post=9576"}],"version-history":[{"count":1,"href":"https:\/\/sajec.de\/blog\/wp-json\/wp\/v2\/posts\/9576\/revisions"}],"predecessor-version":[{"id":9578,"href":"https:\/\/sajec.de\/blog\/wp-json\/wp\/v2\/posts\/9576\/revisions\/9578"}],"wp:attachment":[{"href":"https:\/\/sajec.de\/blog\/wp-json\/wp\/v2\/media?parent=9576"}],"wp:term":[{"taxonomy":"category","embeddable":true,"href":"https:\/\/sajec.de\/blog\/wp-json\/wp\/v2\/categories?post=9576"},{"taxonomy":"post_tag","embeddable":true,"href":"https:\/\/sajec.de\/blog\/wp-json\/wp\/v2\/tags?post=9576"}],"curies":[{"name":"wp","href":"https:\/\/api.w.org\/{rel}","templated":true}]}}