{"id":9611,"date":"2013-09-08T17:33:52","date_gmt":"2013-09-08T15:33:52","guid":{"rendered":"http:\/\/sajec.de\/blog\/?p=9611"},"modified":"2013-09-08T17:33:52","modified_gmt":"2013-09-08T15:33:52","slug":"die-alte-villa","status":"publish","type":"post","link":"https:\/\/sajec.de\/blog\/die-alte-villa\/","title":{"rendered":"Die alte Villa"},"content":{"rendered":"<p>In letzter Zeit &#8222;tr\u00e4ume&#8220; ich viel von der alten Villa in G\u00f6rlitz, wo wir einst in der 6. oder 7. auf Klassenfahrt waren. Ich wei\u00df es nicht mehr genau; aber ich erinnere mich an diese atmenberaubend sch\u00f6ne, breit geschwungene wei\u00dfe Treppe, die in die oberen Stockwerke f\u00fchrte. Sie war mit rotem Teppich ausgelegt und im Lichtraum hing ein gigantischer Kronleuchter. Ich wei\u00df noch, dass ich damals offenen Mundes durch diese gediegenen edlen Hallen gelaufen bin, unwillk\u00fcrlich nur noch im Fl\u00fcsterton sprach und ehrf\u00fcrchtig das marmorierte Treppengel\u00e4nder mit den Fingerspitzen ber\u00fchrte. Ganz sicher habe ich mir dabei vorgestellt, wie es wohl gewesen ist, damals, als diese Villa bewohnt war, mit Dienstm\u00e4dchen und Dienern, adligen Gro\u00dfb\u00fcrgertum und K\u00fcchenangestellten.<\/p>\n<p>Warum gerade jetzt diese Erinnerungen zur\u00fcckkehren? Vielleicht, weil wir in unserem Sommerurlaub auch G\u00f6rlitz kurz besuchten und ich glaube, ich fand die Villa da wieder. Vielleicht aber auch, weil viele Erinnerungen an Kindheit und Jugend mich in den letzten Monaten &#8211; aus welchen Gr\u00fcnden auch immer \u00a0\u00fcberfluteten. Und das ist eine davon. Etwas, das mich damals tief beeindruckt hatte.<\/p>\n","protected":false},"excerpt":{"rendered":"<p>In letzter Zeit &#8222;tr\u00e4ume&#8220; ich viel von der alten Villa in G\u00f6rlitz, wo wir einst in der 6. oder 7. auf Klassenfahrt waren. Ich wei\u00df es nicht mehr genau; aber ich erinnere mich an diese atmenberaubend sch\u00f6ne, breit geschwungene wei\u00dfe &hellip; <a href=\"https:\/\/sajec.de\/blog\/die-alte-villa\/\">Weiterlesen <span class=\"meta-nav\">&rarr;<\/span><\/a><\/p>\n","protected":false},"author":2,"featured_media":0,"comment_status":"open","ping_status":"open","sticky":false,"template":"","format":"standard","meta":{"ngg_post_thumbnail":0,"footnotes":""},"categories":[1,13],"tags":[],"class_list":["post-9611","post","type-post","status-publish","format-standard","hentry","category-tagebuch","category-scherbenglanz"],"_links":{"self":[{"href":"https:\/\/sajec.de\/blog\/wp-json\/wp\/v2\/posts\/9611","targetHints":{"allow":["GET"]}}],"collection":[{"href":"https:\/\/sajec.de\/blog\/wp-json\/wp\/v2\/posts"}],"about":[{"href":"https:\/\/sajec.de\/blog\/wp-json\/wp\/v2\/types\/post"}],"author":[{"embeddable":true,"href":"https:\/\/sajec.de\/blog\/wp-json\/wp\/v2\/users\/2"}],"replies":[{"embeddable":true,"href":"https:\/\/sajec.de\/blog\/wp-json\/wp\/v2\/comments?post=9611"}],"version-history":[{"count":1,"href":"https:\/\/sajec.de\/blog\/wp-json\/wp\/v2\/posts\/9611\/revisions"}],"predecessor-version":[{"id":9612,"href":"https:\/\/sajec.de\/blog\/wp-json\/wp\/v2\/posts\/9611\/revisions\/9612"}],"wp:attachment":[{"href":"https:\/\/sajec.de\/blog\/wp-json\/wp\/v2\/media?parent=9611"}],"wp:term":[{"taxonomy":"category","embeddable":true,"href":"https:\/\/sajec.de\/blog\/wp-json\/wp\/v2\/categories?post=9611"},{"taxonomy":"post_tag","embeddable":true,"href":"https:\/\/sajec.de\/blog\/wp-json\/wp\/v2\/tags?post=9611"}],"curies":[{"name":"wp","href":"https:\/\/api.w.org\/{rel}","templated":true}]}}