{"id":9623,"date":"2013-09-14T12:47:15","date_gmt":"2013-09-14T10:47:15","guid":{"rendered":"http:\/\/sajec.de\/blog\/?p=9623"},"modified":"2013-09-14T12:54:24","modified_gmt":"2013-09-14T10:54:24","slug":"zickig","status":"publish","type":"post","link":"https:\/\/sajec.de\/blog\/zickig\/","title":{"rendered":"Zickig"},"content":{"rendered":"<p>Seit Tagen! Mit mir selbst und mit der Welt und mit der Familie. Mit eigentlich allem. Ob das daran liegt, dass ich nur noch geschenkte Zigaretten rauche, weil ich mir keine eigenen mehr leisten kann? Wie auch immer, ich habe seit 2 Wochen keine Zigaretten mehr gekauft. Geraucht schon, so max. 2 am Tag, wenn sich jemand erbarmte und mir freiwillig eine anbot.<\/p>\n<p>Jedenfalls bin ich aufgekratzt und zickig und ich merke das selbst. Dazu kommt, dass scheinbar nichts so klappt, wie ich das gerne w\u00fcnsche. Zum Beispiel gestern. Gestern war Freitag, der 13. Ich hatte frei! Trotzdem war ich schon vor 6 Uhr wach, um das Fr\u00fchschwimmen auszuprobieren. In Windeseile also die Schwimmsachen zusammengepackt und noch bevor im Autoradio die 6-Uhr-Nachrichten beendet waren, stand ich im Foyer der Schwimmhalle, um meine 2,50 \u20ac zu bezahlen. Aber: Niemand da! Nix! Kasse geschlossen! Durch die Beobachtungsfensterscheibe konnte ich jedoch sehen, dass das Schwimmbecken mit den Fr\u00fchschwimmern bereits rappelpappelvoll war. Na klasse. Fr\u00fchschwimmen wird also keine Alternative sein in Zukunft. Mir schwante so etwas bereits, als ich auf den Parkplatz fuhr und dort schon mehr Autos standen, als ich es vom Abend her gew\u00f6hnt war.<br \/>\nJedenfalls stand ich noch 10 Minuten sinnlos und unentschlossen herum; und fuhr dann wieder nach Hause, ohne geschwommen zu sein; aber v\u00f6llig frustriert. Nach Joggen war mir einfach nicht. Also ging ich noch einmal ins Bett. Und dann verplemperte ich den freien Freitag mehr oder weniger.<\/p>\n<p>Dann wollte ich heute meinen iPod Nano endlich wieder jogging-fit machen, denn seit den Hubby in den Griffeln hatte, ist meine Joggingmusikliste weg. Und das Wiederherstellen ist ja mit iTunes bzw. Apple nicht so ganz einfach. Schubs mal eine Wiedergabeliste auf deinen Nano! Haha! Das k\u00f6nnte ja einfach zu einfach sein! Nein, wir machen das kompliziert! Nat\u00fcrlich ging NICHTS! Das machte mich noch zickiger, als ich sowieso schon drauf bin. Nach einer Stunde ergebnisloser Frickelarbeit und der hubby&#8217;schen Abstemplung als zu bl\u00f6d, schmiss ich den Nano in eine Ecke und brachte erst mal durch den Regen Altpapier zur Deponie. Danach ging es mir besser. Ich beschloss, den iPod Nano v\u00f6llig zu pl\u00e4tten, alles runterzuschmei\u00dfen, was jemals \u00fcberhaupt drauf war; meine iTunes Mediathek zu l\u00f6schen und alles neu zu installieren. Das dauerte, aber jetzt habe ich wenigstens tats\u00e4chlich und ganz ohne Knuffel&#8217;s Hilfe die Musik auf dem kleinen Nano, die ich zum Laufen brauche. Und ich brauche Laufmusik!<\/p>\n<p>Speaking of Laufen: Damit sind wir ja beim allgegenw\u00e4rtigen Thema <strong>Abnehmen<\/strong>.<\/p>\n<p>Es ist verhext! Von Montag bis ungef\u00e4hr Donnerstag bin ich ziemlich diszipliniert, was das Essen und das Sportprogramm betrifft. Dann kommt der Freitag und das Wochenende &#8211; und ich versage! Gestern zB konnte ich nicht NEIN sagen zu dem McDonalds-Eis mit doppelter Creme. B\u00f6se! Ganz b\u00f6se! Heute war ich schon wieder nicht laufen, weil es wirklich in Str\u00f6men goss und ich ja an der Musikliste fast verzweifelte. Immerhin sind aber noch die Schwimmsachen unausgepackt und unbenutzt im Mazda und warten auf ihren Einsatz, der auch noch kommen wird. Trotzdem habe ich mich auch deswegen schon wieder nicht auf die Waage getraut! Manno!<\/p>\n<p>Was war noch?<\/p>\n<p>Ach ja: Da war der <strong>#Kanzlercheck<\/strong> im Radio gewesen, am Dienstag mit Frau Dr.\u00a0<del>Raute<\/del>\u00a0Angela Merkel. Ich hab nachmittags im Anwaltsb\u00fcro (ich war alleine) selbigen geh\u00f6rt und auch betwittert, jedenfalls gelegentlich. Und was geschah dann am Morgen danach auf meinem Stammsender Radio Bremen? Mein #Kanzlercheck-Tweet mit dem Blutdruck und der Pflege wurde zitiert. Tz! Also ich war schon ein bisschen stolz; offensichtlich twittere ich nicht nur Bl\u00f6dsinn (aber doch meistens).<\/p>\n<p><img loading=\"lazy\" decoding=\"async\" class=\"alignnone size-full wp-image-9624\" alt=\"kanzlercheck\" src=\"http:\/\/sajec.de\/blog\/wp-content\/uploads\/2013\/09\/kanzlercheck.jpg\" width=\"510\" height=\"360\" srcset=\"https:\/\/sajec.de\/blog\/wp-content\/uploads\/2013\/09\/kanzlercheck.jpg 510w, https:\/\/sajec.de\/blog\/wp-content\/uploads\/2013\/09\/kanzlercheck-300x211.jpg 300w, https:\/\/sajec.de\/blog\/wp-content\/uploads\/2013\/09\/kanzlercheck-150x105.jpg 150w, https:\/\/sajec.de\/blog\/wp-content\/uploads\/2013\/09\/kanzlercheck-400x282.jpg 400w\" sizes=\"auto, (max-width: 510px) 100vw, 510px\" \/><\/p>\n<p>Au\u00dferdem bekam ich nach der sonnt\u00e4glichen <strong>#Tatort<\/strong>-Twitterei diesen Tweet serviert:<\/p>\n<p><img loading=\"lazy\" decoding=\"async\" class=\"alignnone size-full wp-image-9625\" alt=\"ARDTextTweet\" src=\"http:\/\/sajec.de\/blog\/wp-content\/uploads\/2013\/09\/ARDTextTweet.jpg\" width=\"544\" height=\"284\" srcset=\"https:\/\/sajec.de\/blog\/wp-content\/uploads\/2013\/09\/ARDTextTweet.jpg 544w, https:\/\/sajec.de\/blog\/wp-content\/uploads\/2013\/09\/ARDTextTweet-300x156.jpg 300w, https:\/\/sajec.de\/blog\/wp-content\/uploads\/2013\/09\/ARDTextTweet-150x78.jpg 150w, https:\/\/sajec.de\/blog\/wp-content\/uploads\/2013\/09\/ARDTextTweet-400x208.jpg 400w\" sizes=\"auto, (max-width: 544px) 100vw, 544px\" \/><\/p>\n<p>&nbsp;<\/p>\n<p>Und dass ich eine <strong>begnadete Couchsitzerin<\/strong> bin, fanden wohl einige ziemlich lustig:<\/p>\n<p><img loading=\"lazy\" decoding=\"async\" class=\"alignnone size-full wp-image-9626\" alt=\"CouchsitzerinTweet\" src=\"http:\/\/sajec.de\/blog\/wp-content\/uploads\/2013\/09\/CouchsitzerinTweet.jpg\" width=\"519\" height=\"530\" srcset=\"https:\/\/sajec.de\/blog\/wp-content\/uploads\/2013\/09\/CouchsitzerinTweet.jpg 519w, https:\/\/sajec.de\/blog\/wp-content\/uploads\/2013\/09\/CouchsitzerinTweet-293x300.jpg 293w, https:\/\/sajec.de\/blog\/wp-content\/uploads\/2013\/09\/CouchsitzerinTweet-146x150.jpg 146w, https:\/\/sajec.de\/blog\/wp-content\/uploads\/2013\/09\/CouchsitzerinTweet-400x408.jpg 400w\" sizes=\"auto, (max-width: 519px) 100vw, 519px\" \/><\/p>\n<p>Aber am emotionalsten waren die weltweiten Tweets und Retweets zum<strong> Supernatural-Geburtstag<\/strong> am <strong>13.09. 8 Jahre<\/strong> supernatural! Kaum zu glauben!<\/p>\n<p><img loading=\"lazy\" decoding=\"async\" class=\"alignnone size-full wp-image-9627\" alt=\"happybirthdaySPNtweet\" src=\"http:\/\/sajec.de\/blog\/wp-content\/uploads\/2013\/09\/happybirthdaySPNtweet.jpg\" width=\"521\" height=\"752\" srcset=\"https:\/\/sajec.de\/blog\/wp-content\/uploads\/2013\/09\/happybirthdaySPNtweet.jpg 521w, https:\/\/sajec.de\/blog\/wp-content\/uploads\/2013\/09\/happybirthdaySPNtweet-207x300.jpg 207w, https:\/\/sajec.de\/blog\/wp-content\/uploads\/2013\/09\/happybirthdaySPNtweet-103x150.jpg 103w, https:\/\/sajec.de\/blog\/wp-content\/uploads\/2013\/09\/happybirthdaySPNtweet-400x577.jpg 400w\" sizes=\"auto, (max-width: 521px) 100vw, 521px\" \/><\/p>\n","protected":false},"excerpt":{"rendered":"<p>Seit Tagen! Mit mir selbst und mit der Welt und mit der Familie. Mit eigentlich allem. Ob das daran liegt, dass ich nur noch geschenkte Zigaretten rauche, weil ich mir keine eigenen mehr leisten kann? Wie auch immer, ich habe &hellip; <a href=\"https:\/\/sajec.de\/blog\/zickig\/\">Weiterlesen <span class=\"meta-nav\">&rarr;<\/span><\/a><\/p>\n","protected":false},"author":2,"featured_media":0,"comment_status":"open","ping_status":"open","sticky":false,"template":"","format":"standard","meta":{"ngg_post_thumbnail":0,"footnotes":""},"categories":[21,1],"tags":[],"class_list":["post-9623","post","type-post","status-publish","format-standard","hentry","category-abnehmen","category-tagebuch"],"_links":{"self":[{"href":"https:\/\/sajec.de\/blog\/wp-json\/wp\/v2\/posts\/9623","targetHints":{"allow":["GET"]}}],"collection":[{"href":"https:\/\/sajec.de\/blog\/wp-json\/wp\/v2\/posts"}],"about":[{"href":"https:\/\/sajec.de\/blog\/wp-json\/wp\/v2\/types\/post"}],"author":[{"embeddable":true,"href":"https:\/\/sajec.de\/blog\/wp-json\/wp\/v2\/users\/2"}],"replies":[{"embeddable":true,"href":"https:\/\/sajec.de\/blog\/wp-json\/wp\/v2\/comments?post=9623"}],"version-history":[{"count":6,"href":"https:\/\/sajec.de\/blog\/wp-json\/wp\/v2\/posts\/9623\/revisions"}],"predecessor-version":[{"id":9633,"href":"https:\/\/sajec.de\/blog\/wp-json\/wp\/v2\/posts\/9623\/revisions\/9633"}],"wp:attachment":[{"href":"https:\/\/sajec.de\/blog\/wp-json\/wp\/v2\/media?parent=9623"}],"wp:term":[{"taxonomy":"category","embeddable":true,"href":"https:\/\/sajec.de\/blog\/wp-json\/wp\/v2\/categories?post=9623"},{"taxonomy":"post_tag","embeddable":true,"href":"https:\/\/sajec.de\/blog\/wp-json\/wp\/v2\/tags?post=9623"}],"curies":[{"name":"wp","href":"https:\/\/api.w.org\/{rel}","templated":true}]}}