{"id":9685,"date":"2013-10-04T10:02:40","date_gmt":"2013-10-04T08:02:40","guid":{"rendered":"http:\/\/sajec.de\/blog\/?p=9685"},"modified":"2013-10-04T10:06:43","modified_gmt":"2013-10-04T08:06:43","slug":"vom-schweben-und-von-morgenspaziergaengen","status":"publish","type":"post","link":"https:\/\/sajec.de\/blog\/vom-schweben-und-von-morgenspaziergaengen\/","title":{"rendered":"Vom Schweben und von Morgenspazierg\u00e4ngen"},"content":{"rendered":"<p>Guten Morgen.<\/p>\n<p>Es ist herrlich, so ein freier Br\u00fcckentag. Ich genie\u00dfe jede Minute davon. Es f\u00fchlt sich ein bisschen wie Urlaub an; und im Grunde ist es ja auch wie Urlaub. Urlaub vom B\u00fcroalltag.<\/p>\n<p>Bevor ich von dem kleinen Morgenspaziergang berichte, den ich mit der Canon schon unternommen habe, muss ich noch ein paar Zeilen zu dem seltsam-fantastischen Traum der letzten Nacht tippen.<\/p>\n<p>Kennt ihr das gro\u00dfartige Gef\u00fchl, wenn ihr schwebt?<\/p>\n<p>Ich schwebte die ganze Nacht lang. Schwerelos in einem Raum, hoch und runter; wie ich wollte. Ich musste nur denken &#8222;nach oben&#8220;, und mein gesamter gewichtsloser K\u00f6rper schwebte sanft nach oben. Oder eben nach unten, links, rechts, ich drehte mich um mich selbst &#8230; und ich schwebte. Stundenlang. Ich wollte gar nicht mehr aufh\u00f6ren mit Schweben; selbst als mein Chef im Raum stand und fragend auf die Twittertimeline auf meinem Monitor zeigte. Ich schwebte einfach weiter. Quasi \u00fcber allen Dingen. K\u00f6rperlos. Schwerelos,<\/p>\n<p>Das war ein eigenartiges, aber gutes Gef\u00fchl! Ich w\u00fcnschte, ich k\u00f6nnte auch in diesem Universum so Schweben. Kann ich nat\u00fcrlich nicht; aber nach dem Traum war ich erst mal wach und es war gerade erst 7 Uhr durch. Die Morgensonne blinzelte durch das Schlafstubenfenster und pl\u00f6tzlich versp\u00fcrte ich den Drang, einen Morgenspaziergang zu machen.<\/p>\n<p><img loading=\"lazy\" decoding=\"async\" class=\"alignnone size-full wp-image-9686\" alt=\"Morgenspaziergang04102013_1\" src=\"http:\/\/sajec.de\/blog\/wp-content\/uploads\/2013\/10\/Morgenspaziergang04102013_1.jpg\" width=\"850\" height=\"567\" srcset=\"https:\/\/sajec.de\/blog\/wp-content\/uploads\/2013\/10\/Morgenspaziergang04102013_1.jpg 850w, https:\/\/sajec.de\/blog\/wp-content\/uploads\/2013\/10\/Morgenspaziergang04102013_1-300x200.jpg 300w, https:\/\/sajec.de\/blog\/wp-content\/uploads\/2013\/10\/Morgenspaziergang04102013_1-150x100.jpg 150w, https:\/\/sajec.de\/blog\/wp-content\/uploads\/2013\/10\/Morgenspaziergang04102013_1-400x266.jpg 400w\" sizes=\"auto, (max-width: 850px) 100vw, 850px\" \/> <a href=\"http:\/\/sajec.de\/blog\/wp-content\/uploads\/2013\/10\/Morgenspaziergang04102013_2.jpg\"><img loading=\"lazy\" decoding=\"async\" class=\"alignnone size-full wp-image-9687\" alt=\"Morgenspaziergang04102013_2\" src=\"http:\/\/sajec.de\/blog\/wp-content\/uploads\/2013\/10\/Morgenspaziergang04102013_2.jpg\" width=\"850\" height=\"567\" srcset=\"https:\/\/sajec.de\/blog\/wp-content\/uploads\/2013\/10\/Morgenspaziergang04102013_2.jpg 850w, https:\/\/sajec.de\/blog\/wp-content\/uploads\/2013\/10\/Morgenspaziergang04102013_2-300x200.jpg 300w, https:\/\/sajec.de\/blog\/wp-content\/uploads\/2013\/10\/Morgenspaziergang04102013_2-150x100.jpg 150w, https:\/\/sajec.de\/blog\/wp-content\/uploads\/2013\/10\/Morgenspaziergang04102013_2-400x266.jpg 400w\" sizes=\"auto, (max-width: 850px) 100vw, 850px\" \/><\/a> <a href=\"http:\/\/sajec.de\/blog\/wp-content\/uploads\/2013\/10\/Morgenspaziergang04102013_3.jpg\"><img loading=\"lazy\" decoding=\"async\" class=\"alignnone size-full wp-image-9688\" alt=\"Morgenspaziergang04102013_3\" src=\"http:\/\/sajec.de\/blog\/wp-content\/uploads\/2013\/10\/Morgenspaziergang04102013_3.jpg\" width=\"850\" height=\"567\" srcset=\"https:\/\/sajec.de\/blog\/wp-content\/uploads\/2013\/10\/Morgenspaziergang04102013_3.jpg 850w, https:\/\/sajec.de\/blog\/wp-content\/uploads\/2013\/10\/Morgenspaziergang04102013_3-300x200.jpg 300w, https:\/\/sajec.de\/blog\/wp-content\/uploads\/2013\/10\/Morgenspaziergang04102013_3-150x100.jpg 150w, https:\/\/sajec.de\/blog\/wp-content\/uploads\/2013\/10\/Morgenspaziergang04102013_3-400x266.jpg 400w\" sizes=\"auto, (max-width: 850px) 100vw, 850px\" \/><\/a> <a href=\"http:\/\/sajec.de\/blog\/wp-content\/uploads\/2013\/10\/Morgenspaziergang04102013_4.jpg\"><img loading=\"lazy\" decoding=\"async\" class=\"alignnone size-full wp-image-9689\" alt=\"Morgenspaziergang04102013_4\" src=\"http:\/\/sajec.de\/blog\/wp-content\/uploads\/2013\/10\/Morgenspaziergang04102013_4.jpg\" width=\"850\" height=\"567\" srcset=\"https:\/\/sajec.de\/blog\/wp-content\/uploads\/2013\/10\/Morgenspaziergang04102013_4.jpg 850w, https:\/\/sajec.de\/blog\/wp-content\/uploads\/2013\/10\/Morgenspaziergang04102013_4-300x200.jpg 300w, https:\/\/sajec.de\/blog\/wp-content\/uploads\/2013\/10\/Morgenspaziergang04102013_4-150x100.jpg 150w, https:\/\/sajec.de\/blog\/wp-content\/uploads\/2013\/10\/Morgenspaziergang04102013_4-400x266.jpg 400w\" sizes=\"auto, (max-width: 850px) 100vw, 850px\" \/><\/a><\/p>\n","protected":false},"excerpt":{"rendered":"<p>Guten Morgen. Es ist herrlich, so ein freier Br\u00fcckentag. Ich genie\u00dfe jede Minute davon. Es f\u00fchlt sich ein bisschen wie Urlaub an; und im Grunde ist es ja auch wie Urlaub. Urlaub vom B\u00fcroalltag. Bevor ich von dem kleinen Morgenspaziergang &hellip; <a href=\"https:\/\/sajec.de\/blog\/vom-schweben-und-von-morgenspaziergaengen\/\">Weiterlesen <span class=\"meta-nav\">&rarr;<\/span><\/a><\/p>\n","protected":false},"author":2,"featured_media":0,"comment_status":"open","ping_status":"open","sticky":false,"template":"","format":"standard","meta":{"ngg_post_thumbnail":0,"footnotes":""},"categories":[5,1,7],"tags":[],"class_list":["post-9685","post","type-post","status-publish","format-standard","hentry","category-bilder","category-tagebuch","category-traumsequenzen"],"_links":{"self":[{"href":"https:\/\/sajec.de\/blog\/wp-json\/wp\/v2\/posts\/9685","targetHints":{"allow":["GET"]}}],"collection":[{"href":"https:\/\/sajec.de\/blog\/wp-json\/wp\/v2\/posts"}],"about":[{"href":"https:\/\/sajec.de\/blog\/wp-json\/wp\/v2\/types\/post"}],"author":[{"embeddable":true,"href":"https:\/\/sajec.de\/blog\/wp-json\/wp\/v2\/users\/2"}],"replies":[{"embeddable":true,"href":"https:\/\/sajec.de\/blog\/wp-json\/wp\/v2\/comments?post=9685"}],"version-history":[{"count":3,"href":"https:\/\/sajec.de\/blog\/wp-json\/wp\/v2\/posts\/9685\/revisions"}],"predecessor-version":[{"id":9692,"href":"https:\/\/sajec.de\/blog\/wp-json\/wp\/v2\/posts\/9685\/revisions\/9692"}],"wp:attachment":[{"href":"https:\/\/sajec.de\/blog\/wp-json\/wp\/v2\/media?parent=9685"}],"wp:term":[{"taxonomy":"category","embeddable":true,"href":"https:\/\/sajec.de\/blog\/wp-json\/wp\/v2\/categories?post=9685"},{"taxonomy":"post_tag","embeddable":true,"href":"https:\/\/sajec.de\/blog\/wp-json\/wp\/v2\/tags?post=9685"}],"curies":[{"name":"wp","href":"https:\/\/api.w.org\/{rel}","templated":true}]}}